{"id":773,"date":"2010-07-12T23:14:22","date_gmt":"2010-07-13T02:14:22","guid":{"rendered":"http:\/\/luhorta.com\/blog\/?p=773"},"modified":"2010-07-13T09:10:27","modified_gmt":"2010-07-13T12:10:27","slug":"quanto-vale-uma-cancao-edicao-n%c2%ba-12-bandas","status":"publish","type":"post","link":"https:\/\/luhorta.com\/blog\/2010\/07\/quanto-vale-uma-cancao-edicao-n%c2%ba-12-bandas\/","title":{"rendered":"Quanto Vale Uma Can\u00e7\u00e3o? edi\u00e7\u00e3o n\u00ba 12 BANDAS!"},"content":{"rendered":"<p style=\"text-align: center;\"><a href=\"https:\/\/luhorta.com\/blog\/wp-content\/uploads\/2010\/07\/FLAYER15-de-julho-2.jpg\"><img loading=\"lazy\" decoding=\"async\" class=\"aligncenter size-large wp-image-774\" title=\"FLAYER15-de-julho-2\" src=\"https:\/\/luhorta.com\/blog\/wp-content\/uploads\/2010\/07\/FLAYER15-de-julho-2-982x1024.jpg\" alt=\"\" width=\"481\" height=\"502\" srcset=\"https:\/\/luhorta.com\/blog\/wp-content\/uploads\/2010\/07\/FLAYER15-de-julho-2-982x1024.jpg 982w, https:\/\/luhorta.com\/blog\/wp-content\/uploads\/2010\/07\/FLAYER15-de-julho-2-287x300.jpg 287w, https:\/\/luhorta.com\/blog\/wp-content\/uploads\/2010\/07\/FLAYER15-de-julho-2.jpg 1024w\" sizes=\"auto, (max-width: 481px) 100vw, 481px\" \/><\/a><\/p>\n<p>Como vai ser? O nosso bom e delicioso formato ac\u00fastico invadido pelos cabos, amplis, baixos e guitarras&#8230;e da\u00ed depois?<\/p>\n<p>Calma, calma QVUCkers de carteirinha.<\/p>\n<p>Pra quem ainda n\u00e3o conhece o fabuloso <a title=\"&quot;Quanto Vale Uma Can\u00e7\u00e3o?&quot;\" href=\"http:\/\/quantovaleumacancao.wordpress.com\/\" target=\"_blank\">Quanto Vale uma Can\u00e7\u00e3o? <\/a>e est\u00e1 imaginando que vai assistir a um festival de bandas de rock nacional peral\u00e1.<\/p>\n<p>At\u00e9 ent\u00e3o v\u00ednhamos sempre prestigiando os compositores com suas can\u00e7\u00f5es, com seus viol\u00f5es, aquela maravilha unplugged!!!<\/p>\n<p>Pra essa edi\u00e7\u00e3o decidimos inaugurar o QVUC tem\u00e1tico mas com tudo adaptado ao modo QVUCker de ser:<\/p>\n<p><a title=\"&quot;Trupe Ch\u00e1 de Boldo&quot;\" href=\"http:\/\/www.myspace.com\/trupechadeboldo\" target=\"_blank\">Trupe Ch\u00e1 de Boldo<\/a> vir\u00e1 com uma forma\u00e7\u00e3o inusitada; Loco Sosa e Paco Garcia do <a title=\"&quot;Los Pirata&quot;\" href=\"http:\/\/www.lospirata.com\" target=\"_blank\">Los Pirata <\/a>v\u00e3o tocar djemb\u00e9 e viol\u00e3o ao inv\u00e9s das respectivas bateria e guitarra (ser\u00e1 mesmo???); <a title=\"&quot;Clube do Balan\u00e7o&quot;\" href=\"http:\/\/clubedobalanco.uol.com.br\/si\/site\" target=\"_blank\">Clube do balan\u00e7o<\/a> ser\u00e1 representado \u00fanica e somente pelo seu incr\u00edvel vocalista Marco Mattoli; <a title=\"Ludov\" href=\"http:\/\/www.myspace.com\/ludov\" target=\"_blank\">Ludov<\/a> vem no formato &#8220;m\u00fasica de bolso&#8221;, <a title=\"&quot;Asian x\u00e1&quot;\" href=\"http:\/\/www.myspace.com\/asianxa\" target=\"_blank\">Asian x\u00e1<\/a>&#8230;chega sen\u00e3o perde a gra\u00e7a. T\u00e3o vendo?<\/p>\n<p>E de quebra o de sempre: as hist\u00f3rias mirabolantes dos bastidores das can\u00e7\u00f5es&#8230;DR de banda n\u00e3o \u00e9 fraco n\u00e3o.<\/p>\n<p>Putz!<\/p>\n<p>E voc\u00eas n\u00e3o perdem por esperar porque at\u00e9 o final do ano muita \u00e1gua e m\u00fasica boa ainda v\u00e3o encharcar as famosas terceiras quintas do m\u00eas no Teatro da Vila.<\/p>\n<p>Pague o quanto vale.<\/p>\n","protected":false},"excerpt":{"rendered":"<p>Como vai ser? O nosso bom e delicioso formato ac\u00fastico invadido pelos cabos, amplis, baixos e guitarras&#8230;e da\u00ed depois? Calma, calma QVUCkers de carteirinha. Pra quem ainda n\u00e3o conhece o fabuloso Quanto Vale uma Can\u00e7\u00e3o? e est\u00e1 imaginando que vai &hellip; <a href=\"https:\/\/luhorta.com\/blog\/2010\/07\/quanto-vale-uma-cancao-edicao-n%c2%ba-12-bandas\/\">Continue reading <span class=\"meta-nav\">&rarr;<\/span><\/a><\/p>\n","protected":false},"author":1,"featured_media":0,"comment_status":"open","ping_status":"open","sticky":false,"template":"","format":"standard","meta":{"footnotes":""},"categories":[3],"tags":[],"class_list":["post-773","post","type-post","status-publish","format-standard","hentry","category-texts"],"yoast_head":"<!-- This site is optimized with the Yoast SEO plugin v27.5 - https:\/\/yoast.com\/product\/yoast-seo-wordpress\/ -->\n<title>Quanto Vale Uma Can\u00e7\u00e3o? edi\u00e7\u00e3o n\u00ba 12 BANDAS! - Lu Horta<\/title>\n<meta name=\"robots\" content=\"index, follow, max-snippet:-1, max-image-preview:large, max-video-preview:-1\" \/>\n<link rel=\"canonical\" href=\"https:\/\/luhorta.com\/blog\/2010\/07\/quanto-vale-uma-cancao-edicao-n\u00ba-12-bandas\/\" \/>\n<meta property=\"og:locale\" content=\"en_US\" \/>\n<meta property=\"og:type\" content=\"article\" \/>\n<meta property=\"og:title\" content=\"Quanto Vale Uma Can\u00e7\u00e3o? edi\u00e7\u00e3o n\u00ba 12 BANDAS! - Lu Horta\" \/>\n<meta property=\"og:description\" content=\"Como vai ser? O nosso bom e delicioso formato ac\u00fastico invadido pelos cabos, amplis, baixos e guitarras&#8230;e da\u00ed depois? Calma, calma QVUCkers de carteirinha. Pra quem ainda n\u00e3o conhece o fabuloso Quanto Vale uma Can\u00e7\u00e3o? e est\u00e1 imaginando que vai &hellip; Continue reading &rarr;\" \/>\n<meta property=\"og:url\" content=\"https:\/\/luhorta.com\/blog\/2010\/07\/quanto-vale-uma-cancao-edicao-n\u00ba-12-bandas\/\" \/>\n<meta property=\"og:site_name\" content=\"Lu Horta\" \/>\n<meta property=\"article:publisher\" content=\"http:\/\/www.facebook.com\/luhorta\" \/>\n<meta property=\"article:author\" content=\"http:\/\/www.facebook.com\/luhorta\" \/>\n<meta property=\"article:published_time\" content=\"2010-07-13T02:14:22+00:00\" \/>\n<meta property=\"article:modified_time\" content=\"2010-07-13T12:10:27+00:00\" \/>\n<meta property=\"og:image\" content=\"http:\/\/luhorta.com\/blog\/wp-content\/uploads\/2010\/07\/FLAYER15-de-julho-2-982x1024.jpg\" \/>\n<meta name=\"author\" content=\"Lu Horta\" \/>\n<meta name=\"twitter:card\" content=\"summary_large_image\" \/>\n<meta name=\"twitter:creator\" content=\"@lu_horta_sings\" \/>\n<meta name=\"twitter:site\" content=\"@lu_horta_sings\" \/>\n<meta name=\"twitter:label1\" content=\"Written by\" \/>\n\t<meta name=\"twitter:data1\" content=\"Lu Horta\" \/>\n\t<meta name=\"twitter:label2\" content=\"Est. reading time\" \/>\n\t<meta name=\"twitter:data2\" content=\"1 minute\" \/>\n<script type=\"application\/ld+json\" class=\"yoast-schema-graph\">{\"@context\":\"https:\\\/\\\/schema.org\",\"@graph\":[{\"@type\":\"Article\",\"@id\":\"https:\\\/\\\/luhorta.com\\\/blog\\\/2010\\\/07\\\/quanto-vale-uma-cancao-edicao-n%c2%ba-12-bandas\\\/#article\",\"isPartOf\":{\"@id\":\"https:\\\/\\\/luhorta.com\\\/blog\\\/2010\\\/07\\\/quanto-vale-uma-cancao-edicao-n%c2%ba-12-bandas\\\/\"},\"author\":{\"name\":\"Lu Horta\",\"@id\":\"https:\\\/\\\/luhorta.com\\\/blog\\\/#\\\/schema\\\/person\\\/3e58bdae6e5e07031a5acacc17923649\"},\"headline\":\"Quanto Vale Uma Can\u00e7\u00e3o? edi\u00e7\u00e3o n\u00ba 12 BANDAS!\",\"datePublished\":\"2010-07-13T02:14:22+00:00\",\"dateModified\":\"2010-07-13T12:10:27+00:00\",\"mainEntityOfPage\":{\"@id\":\"https:\\\/\\\/luhorta.com\\\/blog\\\/2010\\\/07\\\/quanto-vale-uma-cancao-edicao-n%c2%ba-12-bandas\\\/\"},\"wordCount\":236,\"commentCount\":0,\"publisher\":{\"@id\":\"https:\\\/\\\/luhorta.com\\\/blog\\\/#\\\/schema\\\/person\\\/3e58bdae6e5e07031a5acacc17923649\"},\"image\":{\"@id\":\"https:\\\/\\\/luhorta.com\\\/blog\\\/2010\\\/07\\\/quanto-vale-uma-cancao-edicao-n%c2%ba-12-bandas\\\/#primaryimage\"},\"thumbnailUrl\":\"http:\\\/\\\/luhorta.com\\\/blog\\\/wp-content\\\/uploads\\\/2010\\\/07\\\/FLAYER15-de-julho-2-982x1024.jpg\",\"articleSection\":[\"Textos\"],\"inLanguage\":\"en-US\",\"potentialAction\":[{\"@type\":\"CommentAction\",\"name\":\"Comment\",\"target\":[\"https:\\\/\\\/luhorta.com\\\/blog\\\/2010\\\/07\\\/quanto-vale-uma-cancao-edicao-n%c2%ba-12-bandas\\\/#respond\"]}]},{\"@type\":\"WebPage\",\"@id\":\"https:\\\/\\\/luhorta.com\\\/blog\\\/2010\\\/07\\\/quanto-vale-uma-cancao-edicao-n%c2%ba-12-bandas\\\/\",\"url\":\"https:\\\/\\\/luhorta.com\\\/blog\\\/2010\\\/07\\\/quanto-vale-uma-cancao-edicao-n%c2%ba-12-bandas\\\/\",\"name\":\"Quanto Vale Uma Can\u00e7\u00e3o? edi\u00e7\u00e3o n\u00ba 12 BANDAS! - Lu Horta\",\"isPartOf\":{\"@id\":\"https:\\\/\\\/luhorta.com\\\/blog\\\/#website\"},\"primaryImageOfPage\":{\"@id\":\"https:\\\/\\\/luhorta.com\\\/blog\\\/2010\\\/07\\\/quanto-vale-uma-cancao-edicao-n%c2%ba-12-bandas\\\/#primaryimage\"},\"image\":{\"@id\":\"https:\\\/\\\/luhorta.com\\\/blog\\\/2010\\\/07\\\/quanto-vale-uma-cancao-edicao-n%c2%ba-12-bandas\\\/#primaryimage\"},\"thumbnailUrl\":\"http:\\\/\\\/luhorta.com\\\/blog\\\/wp-content\\\/uploads\\\/2010\\\/07\\\/FLAYER15-de-julho-2-982x1024.jpg\",\"datePublished\":\"2010-07-13T02:14:22+00:00\",\"dateModified\":\"2010-07-13T12:10:27+00:00\",\"inLanguage\":\"en-US\",\"potentialAction\":[{\"@type\":\"ReadAction\",\"target\":[\"https:\\\/\\\/luhorta.com\\\/blog\\\/2010\\\/07\\\/quanto-vale-uma-cancao-edicao-n%c2%ba-12-bandas\\\/\"]}]},{\"@type\":\"ImageObject\",\"inLanguage\":\"en-US\",\"@id\":\"https:\\\/\\\/luhorta.com\\\/blog\\\/2010\\\/07\\\/quanto-vale-uma-cancao-edicao-n%c2%ba-12-bandas\\\/#primaryimage\",\"url\":\"http:\\\/\\\/luhorta.com\\\/blog\\\/wp-content\\\/uploads\\\/2010\\\/07\\\/FLAYER15-de-julho-2-982x1024.jpg\",\"contentUrl\":\"http:\\\/\\\/luhorta.com\\\/blog\\\/wp-content\\\/uploads\\\/2010\\\/07\\\/FLAYER15-de-julho-2-982x1024.jpg\"},{\"@type\":\"WebSite\",\"@id\":\"https:\\\/\\\/luhorta.com\\\/blog\\\/#website\",\"url\":\"https:\\\/\\\/luhorta.com\\\/blog\\\/\",\"name\":\"Lu Horta\",\"description\":\"Brazilian singer-songwriter, body percussionist, voice &amp; body-percussion teacher\",\"publisher\":{\"@id\":\"https:\\\/\\\/luhorta.com\\\/blog\\\/#\\\/schema\\\/person\\\/3e58bdae6e5e07031a5acacc17923649\"},\"potentialAction\":[{\"@type\":\"SearchAction\",\"target\":{\"@type\":\"EntryPoint\",\"urlTemplate\":\"https:\\\/\\\/luhorta.com\\\/blog\\\/?s={search_term_string}\"},\"query-input\":{\"@type\":\"PropertyValueSpecification\",\"valueRequired\":true,\"valueName\":\"search_term_string\"}}],\"inLanguage\":\"en-US\"},{\"@type\":[\"Person\",\"Organization\"],\"@id\":\"https:\\\/\\\/luhorta.com\\\/blog\\\/#\\\/schema\\\/person\\\/3e58bdae6e5e07031a5acacc17923649\",\"name\":\"Lu Horta\",\"image\":{\"@type\":\"ImageObject\",\"inLanguage\":\"en-US\",\"@id\":\"https:\\\/\\\/luhorta.com\\\/blog\\\/wp-content\\\/uploads\\\/2010\\\/06\\\/Lu-Horta-150x150.jpg\",\"url\":\"https:\\\/\\\/luhorta.com\\\/blog\\\/wp-content\\\/uploads\\\/2010\\\/06\\\/Lu-Horta-150x150.jpg\",\"contentUrl\":\"https:\\\/\\\/luhorta.com\\\/blog\\\/wp-content\\\/uploads\\\/2010\\\/06\\\/Lu-Horta-150x150.jpg\",\"caption\":\"Lu Horta\"},\"logo\":{\"@id\":\"https:\\\/\\\/luhorta.com\\\/blog\\\/wp-content\\\/uploads\\\/2010\\\/06\\\/Lu-Horta-150x150.jpg\"},\"description\":\"Brazilian singer\\\/songwriter. Acoustic guitar, gentle voice and body percussion combined with electronic creations invite us to a mix of Brazilian pop groove Bossa and poetry.\",\"sameAs\":[\"http:\\\/\\\/www.luhorta.com\",\"http:\\\/\\\/www.facebook.com\\\/luhorta\",\"http:\\\/\\\/instagram\\\/luhorta\",\"https:\\\/\\\/www.linkedin.com\\\/in\\\/luhorta?lipi=urnlipaged_flagship3_profile_view_base_contact_detailsaErq8BJSxy1xNp6cgWw\",\"https:\\\/\\\/x.com\\\/lu_horta_sings\",\"https:\\\/\\\/www.youtube.com\\\/@luhorta\"]}]}<\/script>\n<!-- \/ Yoast SEO plugin. -->","yoast_head_json":{"title":"Quanto Vale Uma Can\u00e7\u00e3o? edi\u00e7\u00e3o n\u00ba 12 BANDAS! - Lu Horta","robots":{"index":"index","follow":"follow","max-snippet":"max-snippet:-1","max-image-preview":"max-image-preview:large","max-video-preview":"max-video-preview:-1"},"canonical":"https:\/\/luhorta.com\/blog\/2010\/07\/quanto-vale-uma-cancao-edicao-n\u00ba-12-bandas\/","og_locale":"en_US","og_type":"article","og_title":"Quanto Vale Uma Can\u00e7\u00e3o? edi\u00e7\u00e3o n\u00ba 12 BANDAS! - Lu Horta","og_description":"Como vai ser? O nosso bom e delicioso formato ac\u00fastico invadido pelos cabos, amplis, baixos e guitarras&#8230;e da\u00ed depois? Calma, calma QVUCkers de carteirinha. Pra quem ainda n\u00e3o conhece o fabuloso Quanto Vale uma Can\u00e7\u00e3o? e est\u00e1 imaginando que vai &hellip; Continue reading &rarr;","og_url":"https:\/\/luhorta.com\/blog\/2010\/07\/quanto-vale-uma-cancao-edicao-n\u00ba-12-bandas\/","og_site_name":"Lu Horta","article_publisher":"http:\/\/www.facebook.com\/luhorta","article_author":"http:\/\/www.facebook.com\/luhorta","article_published_time":"2010-07-13T02:14:22+00:00","article_modified_time":"2010-07-13T12:10:27+00:00","og_image":[{"url":"http:\/\/luhorta.com\/blog\/wp-content\/uploads\/2010\/07\/FLAYER15-de-julho-2-982x1024.jpg","type":"","width":"","height":""}],"author":"Lu Horta","twitter_card":"summary_large_image","twitter_creator":"@lu_horta_sings","twitter_site":"@lu_horta_sings","twitter_misc":{"Written by":"Lu Horta","Est. reading time":"1 minute"},"schema":{"@context":"https:\/\/schema.org","@graph":[{"@type":"Article","@id":"https:\/\/luhorta.com\/blog\/2010\/07\/quanto-vale-uma-cancao-edicao-n%c2%ba-12-bandas\/#article","isPartOf":{"@id":"https:\/\/luhorta.com\/blog\/2010\/07\/quanto-vale-uma-cancao-edicao-n%c2%ba-12-bandas\/"},"author":{"name":"Lu Horta","@id":"https:\/\/luhorta.com\/blog\/#\/schema\/person\/3e58bdae6e5e07031a5acacc17923649"},"headline":"Quanto Vale Uma Can\u00e7\u00e3o? edi\u00e7\u00e3o n\u00ba 12 BANDAS!","datePublished":"2010-07-13T02:14:22+00:00","dateModified":"2010-07-13T12:10:27+00:00","mainEntityOfPage":{"@id":"https:\/\/luhorta.com\/blog\/2010\/07\/quanto-vale-uma-cancao-edicao-n%c2%ba-12-bandas\/"},"wordCount":236,"commentCount":0,"publisher":{"@id":"https:\/\/luhorta.com\/blog\/#\/schema\/person\/3e58bdae6e5e07031a5acacc17923649"},"image":{"@id":"https:\/\/luhorta.com\/blog\/2010\/07\/quanto-vale-uma-cancao-edicao-n%c2%ba-12-bandas\/#primaryimage"},"thumbnailUrl":"http:\/\/luhorta.com\/blog\/wp-content\/uploads\/2010\/07\/FLAYER15-de-julho-2-982x1024.jpg","articleSection":["Textos"],"inLanguage":"en-US","potentialAction":[{"@type":"CommentAction","name":"Comment","target":["https:\/\/luhorta.com\/blog\/2010\/07\/quanto-vale-uma-cancao-edicao-n%c2%ba-12-bandas\/#respond"]}]},{"@type":"WebPage","@id":"https:\/\/luhorta.com\/blog\/2010\/07\/quanto-vale-uma-cancao-edicao-n%c2%ba-12-bandas\/","url":"https:\/\/luhorta.com\/blog\/2010\/07\/quanto-vale-uma-cancao-edicao-n%c2%ba-12-bandas\/","name":"Quanto Vale Uma Can\u00e7\u00e3o? edi\u00e7\u00e3o n\u00ba 12 BANDAS! - Lu Horta","isPartOf":{"@id":"https:\/\/luhorta.com\/blog\/#website"},"primaryImageOfPage":{"@id":"https:\/\/luhorta.com\/blog\/2010\/07\/quanto-vale-uma-cancao-edicao-n%c2%ba-12-bandas\/#primaryimage"},"image":{"@id":"https:\/\/luhorta.com\/blog\/2010\/07\/quanto-vale-uma-cancao-edicao-n%c2%ba-12-bandas\/#primaryimage"},"thumbnailUrl":"http:\/\/luhorta.com\/blog\/wp-content\/uploads\/2010\/07\/FLAYER15-de-julho-2-982x1024.jpg","datePublished":"2010-07-13T02:14:22+00:00","dateModified":"2010-07-13T12:10:27+00:00","inLanguage":"en-US","potentialAction":[{"@type":"ReadAction","target":["https:\/\/luhorta.com\/blog\/2010\/07\/quanto-vale-uma-cancao-edicao-n%c2%ba-12-bandas\/"]}]},{"@type":"ImageObject","inLanguage":"en-US","@id":"https:\/\/luhorta.com\/blog\/2010\/07\/quanto-vale-uma-cancao-edicao-n%c2%ba-12-bandas\/#primaryimage","url":"http:\/\/luhorta.com\/blog\/wp-content\/uploads\/2010\/07\/FLAYER15-de-julho-2-982x1024.jpg","contentUrl":"http:\/\/luhorta.com\/blog\/wp-content\/uploads\/2010\/07\/FLAYER15-de-julho-2-982x1024.jpg"},{"@type":"WebSite","@id":"https:\/\/luhorta.com\/blog\/#website","url":"https:\/\/luhorta.com\/blog\/","name":"Lu Horta","description":"Brazilian singer-songwriter, body percussionist, voice &amp; body-percussion teacher","publisher":{"@id":"https:\/\/luhorta.com\/blog\/#\/schema\/person\/3e58bdae6e5e07031a5acacc17923649"},"potentialAction":[{"@type":"SearchAction","target":{"@type":"EntryPoint","urlTemplate":"https:\/\/luhorta.com\/blog\/?s={search_term_string}"},"query-input":{"@type":"PropertyValueSpecification","valueRequired":true,"valueName":"search_term_string"}}],"inLanguage":"en-US"},{"@type":["Person","Organization"],"@id":"https:\/\/luhorta.com\/blog\/#\/schema\/person\/3e58bdae6e5e07031a5acacc17923649","name":"Lu Horta","image":{"@type":"ImageObject","inLanguage":"en-US","@id":"https:\/\/luhorta.com\/blog\/wp-content\/uploads\/2010\/06\/Lu-Horta-150x150.jpg","url":"https:\/\/luhorta.com\/blog\/wp-content\/uploads\/2010\/06\/Lu-Horta-150x150.jpg","contentUrl":"https:\/\/luhorta.com\/blog\/wp-content\/uploads\/2010\/06\/Lu-Horta-150x150.jpg","caption":"Lu Horta"},"logo":{"@id":"https:\/\/luhorta.com\/blog\/wp-content\/uploads\/2010\/06\/Lu-Horta-150x150.jpg"},"description":"Brazilian singer\/songwriter. Acoustic guitar, gentle voice and body percussion combined with electronic creations invite us to a mix of Brazilian pop groove Bossa and poetry.","sameAs":["http:\/\/www.luhorta.com","http:\/\/www.facebook.com\/luhorta","http:\/\/instagram\/luhorta","https:\/\/www.linkedin.com\/in\/luhorta?lipi=urnlipaged_flagship3_profile_view_base_contact_detailsaErq8BJSxy1xNp6cgWw","https:\/\/x.com\/lu_horta_sings","https:\/\/www.youtube.com\/@luhorta"]}]}},"_links":{"self":[{"href":"https:\/\/luhorta.com\/blog\/wp-json\/wp\/v2\/posts\/773","targetHints":{"allow":["GET"]}}],"collection":[{"href":"https:\/\/luhorta.com\/blog\/wp-json\/wp\/v2\/posts"}],"about":[{"href":"https:\/\/luhorta.com\/blog\/wp-json\/wp\/v2\/types\/post"}],"author":[{"embeddable":true,"href":"https:\/\/luhorta.com\/blog\/wp-json\/wp\/v2\/users\/1"}],"replies":[{"embeddable":true,"href":"https:\/\/luhorta.com\/blog\/wp-json\/wp\/v2\/comments?post=773"}],"version-history":[{"count":7,"href":"https:\/\/luhorta.com\/blog\/wp-json\/wp\/v2\/posts\/773\/revisions"}],"predecessor-version":[{"id":779,"href":"https:\/\/luhorta.com\/blog\/wp-json\/wp\/v2\/posts\/773\/revisions\/779"}],"wp:attachment":[{"href":"https:\/\/luhorta.com\/blog\/wp-json\/wp\/v2\/media?parent=773"}],"wp:term":[{"taxonomy":"category","embeddable":true,"href":"https:\/\/luhorta.com\/blog\/wp-json\/wp\/v2\/categories?post=773"},{"taxonomy":"post_tag","embeddable":true,"href":"https:\/\/luhorta.com\/blog\/wp-json\/wp\/v2\/tags?post=773"}],"curies":[{"name":"wp","href":"https:\/\/api.w.org\/{rel}","templated":true}]}}