{"id":514,"date":"2010-04-10T00:07:06","date_gmt":"2010-04-10T03:07:06","guid":{"rendered":"http:\/\/luhorta.com\/blog\/?p=514"},"modified":"2010-04-10T00:14:37","modified_gmt":"2010-04-10T03:14:37","slug":"qvuc-dose-dupla","status":"publish","type":"post","link":"https:\/\/luhorta.com\/blog\/2010\/04\/qvuc-dose-dupla\/","title":{"rendered":"QVUC dose dupla"},"content":{"rendered":"<p>Dia 15 de abril, terceira quinta-feira do m\u00eas \u00e9 a noite do <a title=\"&quot;Quanto Vale uma Can\u00e7\u00e3o&quot;\" href=\"http:\/\/quantovaleumacancao.wordpress.com\/\" target=\"_blank\">Quanto Vale uma Can\u00e7\u00e3o <\/a>no Teatro da Vila. A balada segue com ilustres participa\u00e7\u00f5es! Vale lembrar que  cada edi\u00e7\u00e3o \u00e9 \u00fanica. Essa vai ser a de n\u00famero 9: \u00e9 s\u00f3 conferir a  programa\u00e7\u00e3o!<\/p>\n<p>Dose dupla porque no dia seguinte (16 de abril), eu, a <a title=\"Dani Luppi\" href=\"http:\/\/www.daniluppi.com.br\/\" target=\"_blank\">Dani Luppi<\/a>, o <a title=\"Dani Turcheto\" href=\"http:\/\/www.mspace.com\/daniturcheto\" target=\"_blank\">Dani Turcheto<\/a> e o <a title=\"Edu Marin\" href=\"http:\/\/www.edumarin.com.br\/\" target=\"_blank\">Edu Marin<\/a> vamos apresentar o projeto na <a title=\"Fnac Campinas\" href=\"http:\/\/www.fnac.com.br\/LojasEvento.aspx?idLoja=5&amp;dtEvento=09\/04\/2010\" target=\"_blank\">Fnac Campinas<\/a> com a ilustr\u00edssima participa\u00e7\u00e3o de <a title=\"Marcelo Effori\" href=\"http:\/\/www.marceloeffori.com\" target=\"_blank\">Marcelo Effori<\/a>. O show come\u00e7a \u00e0s 19h. Detalhes no link da Fnac&#8230; Massive exposition!<\/p>\n<p><a href=\"https:\/\/luhorta.com\/blog\/wp-content\/uploads\/2010\/04\/FLAYER15-de-abril2.jpg\"><img loading=\"lazy\" decoding=\"async\" class=\"aligncenter size-full wp-image-517\" title=\"FLAYER15-de-abril\" src=\"https:\/\/luhorta.com\/blog\/wp-content\/uploads\/2010\/04\/FLAYER15-de-abril2.jpg\" alt=\"\" width=\"623\" height=\"800\" \/><\/a><\/p>\n<p><a href=\"https:\/\/luhorta.com\/blog\/wp-content\/uploads\/2010\/04\/FLAYER15-de-abril.jpg\"><br \/>\n<\/a><\/p>\n","protected":false},"excerpt":{"rendered":"<p>Dia 15 de abril, terceira quinta-feira do m\u00eas \u00e9 a noite do Quanto Vale uma Can\u00e7\u00e3o no Teatro da Vila. A balada segue com ilustres participa\u00e7\u00f5es! Vale lembrar que cada edi\u00e7\u00e3o \u00e9 \u00fanica. Essa vai ser a de n\u00famero 9: &hellip; <a href=\"https:\/\/luhorta.com\/blog\/2010\/04\/qvuc-dose-dupla\/\">Continue reading <span class=\"meta-nav\">&rarr;<\/span><\/a><\/p>\n","protected":false},"author":1,"featured_media":0,"comment_status":"open","ping_status":"open","sticky":false,"template":"","format":"standard","meta":{"footnotes":""},"categories":[3],"tags":[],"class_list":["post-514","post","type-post","status-publish","format-standard","hentry","category-texts"],"yoast_head":"<!-- This site is optimized with the Yoast SEO plugin v27.5 - https:\/\/yoast.com\/product\/yoast-seo-wordpress\/ -->\n<title>QVUC dose dupla - Lu Horta<\/title>\n<meta name=\"robots\" content=\"index, follow, max-snippet:-1, max-image-preview:large, max-video-preview:-1\" \/>\n<link rel=\"canonical\" href=\"https:\/\/luhorta.com\/blog\/2010\/04\/qvuc-dose-dupla\/\" \/>\n<meta property=\"og:locale\" content=\"en_US\" \/>\n<meta property=\"og:type\" content=\"article\" \/>\n<meta property=\"og:title\" content=\"QVUC dose dupla - Lu Horta\" \/>\n<meta property=\"og:description\" content=\"Dia 15 de abril, terceira quinta-feira do m\u00eas \u00e9 a noite do Quanto Vale uma Can\u00e7\u00e3o no Teatro da Vila. A balada segue com ilustres participa\u00e7\u00f5es! Vale lembrar que cada edi\u00e7\u00e3o \u00e9 \u00fanica. Essa vai ser a de n\u00famero 9: &hellip; Continue reading &rarr;\" \/>\n<meta property=\"og:url\" content=\"https:\/\/luhorta.com\/blog\/2010\/04\/qvuc-dose-dupla\/\" \/>\n<meta property=\"og:site_name\" content=\"Lu Horta\" \/>\n<meta property=\"article:publisher\" content=\"http:\/\/www.facebook.com\/luhorta\" \/>\n<meta property=\"article:author\" content=\"http:\/\/www.facebook.com\/luhorta\" \/>\n<meta property=\"article:published_time\" content=\"2010-04-10T03:07:06+00:00\" \/>\n<meta property=\"article:modified_time\" content=\"2010-04-10T03:14:37+00:00\" \/>\n<meta property=\"og:image\" content=\"http:\/\/luhorta.com\/blog\/wp-content\/uploads\/2010\/04\/FLAYER15-de-abril2.jpg\" \/>\n<meta name=\"author\" content=\"Lu Horta\" \/>\n<meta name=\"twitter:card\" content=\"summary_large_image\" \/>\n<meta name=\"twitter:creator\" content=\"@lu_horta_sings\" \/>\n<meta name=\"twitter:site\" content=\"@lu_horta_sings\" \/>\n<meta name=\"twitter:label1\" content=\"Written by\" \/>\n\t<meta name=\"twitter:data1\" content=\"Lu Horta\" \/>\n<script type=\"application\/ld+json\" class=\"yoast-schema-graph\">{\"@context\":\"https:\\\/\\\/schema.org\",\"@graph\":[{\"@type\":\"Article\",\"@id\":\"https:\\\/\\\/luhorta.com\\\/blog\\\/2010\\\/04\\\/qvuc-dose-dupla\\\/#article\",\"isPartOf\":{\"@id\":\"https:\\\/\\\/luhorta.com\\\/blog\\\/2010\\\/04\\\/qvuc-dose-dupla\\\/\"},\"author\":{\"name\":\"Lu Horta\",\"@id\":\"https:\\\/\\\/luhorta.com\\\/blog\\\/#\\\/schema\\\/person\\\/3e58bdae6e5e07031a5acacc17923649\"},\"headline\":\"QVUC dose dupla\",\"datePublished\":\"2010-04-10T03:07:06+00:00\",\"dateModified\":\"2010-04-10T03:14:37+00:00\",\"mainEntityOfPage\":{\"@id\":\"https:\\\/\\\/luhorta.com\\\/blog\\\/2010\\\/04\\\/qvuc-dose-dupla\\\/\"},\"wordCount\":97,\"commentCount\":0,\"publisher\":{\"@id\":\"https:\\\/\\\/luhorta.com\\\/blog\\\/#\\\/schema\\\/person\\\/3e58bdae6e5e07031a5acacc17923649\"},\"image\":{\"@id\":\"https:\\\/\\\/luhorta.com\\\/blog\\\/2010\\\/04\\\/qvuc-dose-dupla\\\/#primaryimage\"},\"thumbnailUrl\":\"http:\\\/\\\/luhorta.com\\\/blog\\\/wp-content\\\/uploads\\\/2010\\\/04\\\/FLAYER15-de-abril2.jpg\",\"articleSection\":[\"Textos\"],\"inLanguage\":\"en-US\",\"potentialAction\":[{\"@type\":\"CommentAction\",\"name\":\"Comment\",\"target\":[\"https:\\\/\\\/luhorta.com\\\/blog\\\/2010\\\/04\\\/qvuc-dose-dupla\\\/#respond\"]}]},{\"@type\":\"WebPage\",\"@id\":\"https:\\\/\\\/luhorta.com\\\/blog\\\/2010\\\/04\\\/qvuc-dose-dupla\\\/\",\"url\":\"https:\\\/\\\/luhorta.com\\\/blog\\\/2010\\\/04\\\/qvuc-dose-dupla\\\/\",\"name\":\"QVUC dose dupla - Lu Horta\",\"isPartOf\":{\"@id\":\"https:\\\/\\\/luhorta.com\\\/blog\\\/#website\"},\"primaryImageOfPage\":{\"@id\":\"https:\\\/\\\/luhorta.com\\\/blog\\\/2010\\\/04\\\/qvuc-dose-dupla\\\/#primaryimage\"},\"image\":{\"@id\":\"https:\\\/\\\/luhorta.com\\\/blog\\\/2010\\\/04\\\/qvuc-dose-dupla\\\/#primaryimage\"},\"thumbnailUrl\":\"http:\\\/\\\/luhorta.com\\\/blog\\\/wp-content\\\/uploads\\\/2010\\\/04\\\/FLAYER15-de-abril2.jpg\",\"datePublished\":\"2010-04-10T03:07:06+00:00\",\"dateModified\":\"2010-04-10T03:14:37+00:00\",\"inLanguage\":\"en-US\",\"potentialAction\":[{\"@type\":\"ReadAction\",\"target\":[\"https:\\\/\\\/luhorta.com\\\/blog\\\/2010\\\/04\\\/qvuc-dose-dupla\\\/\"]}]},{\"@type\":\"ImageObject\",\"inLanguage\":\"en-US\",\"@id\":\"https:\\\/\\\/luhorta.com\\\/blog\\\/2010\\\/04\\\/qvuc-dose-dupla\\\/#primaryimage\",\"url\":\"http:\\\/\\\/luhorta.com\\\/blog\\\/wp-content\\\/uploads\\\/2010\\\/04\\\/FLAYER15-de-abril2.jpg\",\"contentUrl\":\"http:\\\/\\\/luhorta.com\\\/blog\\\/wp-content\\\/uploads\\\/2010\\\/04\\\/FLAYER15-de-abril2.jpg\"},{\"@type\":\"WebSite\",\"@id\":\"https:\\\/\\\/luhorta.com\\\/blog\\\/#website\",\"url\":\"https:\\\/\\\/luhorta.com\\\/blog\\\/\",\"name\":\"Lu Horta\",\"description\":\"Brazilian singer-songwriter, body percussionist, voice &amp; body-percussion teacher\",\"publisher\":{\"@id\":\"https:\\\/\\\/luhorta.com\\\/blog\\\/#\\\/schema\\\/person\\\/3e58bdae6e5e07031a5acacc17923649\"},\"potentialAction\":[{\"@type\":\"SearchAction\",\"target\":{\"@type\":\"EntryPoint\",\"urlTemplate\":\"https:\\\/\\\/luhorta.com\\\/blog\\\/?s={search_term_string}\"},\"query-input\":{\"@type\":\"PropertyValueSpecification\",\"valueRequired\":true,\"valueName\":\"search_term_string\"}}],\"inLanguage\":\"en-US\"},{\"@type\":[\"Person\",\"Organization\"],\"@id\":\"https:\\\/\\\/luhorta.com\\\/blog\\\/#\\\/schema\\\/person\\\/3e58bdae6e5e07031a5acacc17923649\",\"name\":\"Lu Horta\",\"image\":{\"@type\":\"ImageObject\",\"inLanguage\":\"en-US\",\"@id\":\"https:\\\/\\\/luhorta.com\\\/blog\\\/wp-content\\\/uploads\\\/2010\\\/06\\\/Lu-Horta-150x150.jpg\",\"url\":\"https:\\\/\\\/luhorta.com\\\/blog\\\/wp-content\\\/uploads\\\/2010\\\/06\\\/Lu-Horta-150x150.jpg\",\"contentUrl\":\"https:\\\/\\\/luhorta.com\\\/blog\\\/wp-content\\\/uploads\\\/2010\\\/06\\\/Lu-Horta-150x150.jpg\",\"caption\":\"Lu Horta\"},\"logo\":{\"@id\":\"https:\\\/\\\/luhorta.com\\\/blog\\\/wp-content\\\/uploads\\\/2010\\\/06\\\/Lu-Horta-150x150.jpg\"},\"description\":\"Brazilian singer\\\/songwriter. Acoustic guitar, gentle voice and body percussion combined with electronic creations invite us to a mix of Brazilian pop groove Bossa and poetry.\",\"sameAs\":[\"http:\\\/\\\/www.luhorta.com\",\"http:\\\/\\\/www.facebook.com\\\/luhorta\",\"http:\\\/\\\/instagram\\\/luhorta\",\"https:\\\/\\\/www.linkedin.com\\\/in\\\/luhorta?lipi=urnlipaged_flagship3_profile_view_base_contact_detailsaErq8BJSxy1xNp6cgWw\",\"https:\\\/\\\/x.com\\\/lu_horta_sings\",\"https:\\\/\\\/www.youtube.com\\\/@luhorta\"]}]}<\/script>\n<!-- \/ Yoast SEO plugin. -->","yoast_head_json":{"title":"QVUC dose dupla - Lu Horta","robots":{"index":"index","follow":"follow","max-snippet":"max-snippet:-1","max-image-preview":"max-image-preview:large","max-video-preview":"max-video-preview:-1"},"canonical":"https:\/\/luhorta.com\/blog\/2010\/04\/qvuc-dose-dupla\/","og_locale":"en_US","og_type":"article","og_title":"QVUC dose dupla - Lu Horta","og_description":"Dia 15 de abril, terceira quinta-feira do m\u00eas \u00e9 a noite do Quanto Vale uma Can\u00e7\u00e3o no Teatro da Vila. A balada segue com ilustres participa\u00e7\u00f5es! Vale lembrar que cada edi\u00e7\u00e3o \u00e9 \u00fanica. Essa vai ser a de n\u00famero 9: &hellip; Continue reading &rarr;","og_url":"https:\/\/luhorta.com\/blog\/2010\/04\/qvuc-dose-dupla\/","og_site_name":"Lu Horta","article_publisher":"http:\/\/www.facebook.com\/luhorta","article_author":"http:\/\/www.facebook.com\/luhorta","article_published_time":"2010-04-10T03:07:06+00:00","article_modified_time":"2010-04-10T03:14:37+00:00","og_image":[{"url":"http:\/\/luhorta.com\/blog\/wp-content\/uploads\/2010\/04\/FLAYER15-de-abril2.jpg","type":"","width":"","height":""}],"author":"Lu Horta","twitter_card":"summary_large_image","twitter_creator":"@lu_horta_sings","twitter_site":"@lu_horta_sings","twitter_misc":{"Written by":"Lu Horta"},"schema":{"@context":"https:\/\/schema.org","@graph":[{"@type":"Article","@id":"https:\/\/luhorta.com\/blog\/2010\/04\/qvuc-dose-dupla\/#article","isPartOf":{"@id":"https:\/\/luhorta.com\/blog\/2010\/04\/qvuc-dose-dupla\/"},"author":{"name":"Lu Horta","@id":"https:\/\/luhorta.com\/blog\/#\/schema\/person\/3e58bdae6e5e07031a5acacc17923649"},"headline":"QVUC dose dupla","datePublished":"2010-04-10T03:07:06+00:00","dateModified":"2010-04-10T03:14:37+00:00","mainEntityOfPage":{"@id":"https:\/\/luhorta.com\/blog\/2010\/04\/qvuc-dose-dupla\/"},"wordCount":97,"commentCount":0,"publisher":{"@id":"https:\/\/luhorta.com\/blog\/#\/schema\/person\/3e58bdae6e5e07031a5acacc17923649"},"image":{"@id":"https:\/\/luhorta.com\/blog\/2010\/04\/qvuc-dose-dupla\/#primaryimage"},"thumbnailUrl":"http:\/\/luhorta.com\/blog\/wp-content\/uploads\/2010\/04\/FLAYER15-de-abril2.jpg","articleSection":["Textos"],"inLanguage":"en-US","potentialAction":[{"@type":"CommentAction","name":"Comment","target":["https:\/\/luhorta.com\/blog\/2010\/04\/qvuc-dose-dupla\/#respond"]}]},{"@type":"WebPage","@id":"https:\/\/luhorta.com\/blog\/2010\/04\/qvuc-dose-dupla\/","url":"https:\/\/luhorta.com\/blog\/2010\/04\/qvuc-dose-dupla\/","name":"QVUC dose dupla - Lu Horta","isPartOf":{"@id":"https:\/\/luhorta.com\/blog\/#website"},"primaryImageOfPage":{"@id":"https:\/\/luhorta.com\/blog\/2010\/04\/qvuc-dose-dupla\/#primaryimage"},"image":{"@id":"https:\/\/luhorta.com\/blog\/2010\/04\/qvuc-dose-dupla\/#primaryimage"},"thumbnailUrl":"http:\/\/luhorta.com\/blog\/wp-content\/uploads\/2010\/04\/FLAYER15-de-abril2.jpg","datePublished":"2010-04-10T03:07:06+00:00","dateModified":"2010-04-10T03:14:37+00:00","inLanguage":"en-US","potentialAction":[{"@type":"ReadAction","target":["https:\/\/luhorta.com\/blog\/2010\/04\/qvuc-dose-dupla\/"]}]},{"@type":"ImageObject","inLanguage":"en-US","@id":"https:\/\/luhorta.com\/blog\/2010\/04\/qvuc-dose-dupla\/#primaryimage","url":"http:\/\/luhorta.com\/blog\/wp-content\/uploads\/2010\/04\/FLAYER15-de-abril2.jpg","contentUrl":"http:\/\/luhorta.com\/blog\/wp-content\/uploads\/2010\/04\/FLAYER15-de-abril2.jpg"},{"@type":"WebSite","@id":"https:\/\/luhorta.com\/blog\/#website","url":"https:\/\/luhorta.com\/blog\/","name":"Lu Horta","description":"Brazilian singer-songwriter, body percussionist, voice &amp; body-percussion teacher","publisher":{"@id":"https:\/\/luhorta.com\/blog\/#\/schema\/person\/3e58bdae6e5e07031a5acacc17923649"},"potentialAction":[{"@type":"SearchAction","target":{"@type":"EntryPoint","urlTemplate":"https:\/\/luhorta.com\/blog\/?s={search_term_string}"},"query-input":{"@type":"PropertyValueSpecification","valueRequired":true,"valueName":"search_term_string"}}],"inLanguage":"en-US"},{"@type":["Person","Organization"],"@id":"https:\/\/luhorta.com\/blog\/#\/schema\/person\/3e58bdae6e5e07031a5acacc17923649","name":"Lu Horta","image":{"@type":"ImageObject","inLanguage":"en-US","@id":"https:\/\/luhorta.com\/blog\/wp-content\/uploads\/2010\/06\/Lu-Horta-150x150.jpg","url":"https:\/\/luhorta.com\/blog\/wp-content\/uploads\/2010\/06\/Lu-Horta-150x150.jpg","contentUrl":"https:\/\/luhorta.com\/blog\/wp-content\/uploads\/2010\/06\/Lu-Horta-150x150.jpg","caption":"Lu Horta"},"logo":{"@id":"https:\/\/luhorta.com\/blog\/wp-content\/uploads\/2010\/06\/Lu-Horta-150x150.jpg"},"description":"Brazilian singer\/songwriter. Acoustic guitar, gentle voice and body percussion combined with electronic creations invite us to a mix of Brazilian pop groove Bossa and poetry.","sameAs":["http:\/\/www.luhorta.com","http:\/\/www.facebook.com\/luhorta","http:\/\/instagram\/luhorta","https:\/\/www.linkedin.com\/in\/luhorta?lipi=urnlipaged_flagship3_profile_view_base_contact_detailsaErq8BJSxy1xNp6cgWw","https:\/\/x.com\/lu_horta_sings","https:\/\/www.youtube.com\/@luhorta"]}]}},"_links":{"self":[{"href":"https:\/\/luhorta.com\/blog\/wp-json\/wp\/v2\/posts\/514","targetHints":{"allow":["GET"]}}],"collection":[{"href":"https:\/\/luhorta.com\/blog\/wp-json\/wp\/v2\/posts"}],"about":[{"href":"https:\/\/luhorta.com\/blog\/wp-json\/wp\/v2\/types\/post"}],"author":[{"embeddable":true,"href":"https:\/\/luhorta.com\/blog\/wp-json\/wp\/v2\/users\/1"}],"replies":[{"embeddable":true,"href":"https:\/\/luhorta.com\/blog\/wp-json\/wp\/v2\/comments?post=514"}],"version-history":[{"count":9,"href":"https:\/\/luhorta.com\/blog\/wp-json\/wp\/v2\/posts\/514\/revisions"}],"predecessor-version":[{"id":526,"href":"https:\/\/luhorta.com\/blog\/wp-json\/wp\/v2\/posts\/514\/revisions\/526"}],"wp:attachment":[{"href":"https:\/\/luhorta.com\/blog\/wp-json\/wp\/v2\/media?parent=514"}],"wp:term":[{"taxonomy":"category","embeddable":true,"href":"https:\/\/luhorta.com\/blog\/wp-json\/wp\/v2\/categories?post=514"},{"taxonomy":"post_tag","embeddable":true,"href":"https:\/\/luhorta.com\/blog\/wp-json\/wp\/v2\/tags?post=514"}],"curies":[{"name":"wp","href":"https:\/\/api.w.org\/{rel}","templated":true}]}}