{"id":491,"date":"2010-03-09T09:19:12","date_gmt":"2010-03-09T12:19:12","guid":{"rendered":"http:\/\/luhorta.com\/blog\/?p=491"},"modified":"2010-03-09T09:19:12","modified_gmt":"2010-03-09T12:19:12","slug":"no-backstage-da-cancao","status":"publish","type":"post","link":"https:\/\/luhorta.com\/blog\/2010\/03\/no-backstage-da-cancao\/","title":{"rendered":"No backstage da can\u00e7\u00e3o"},"content":{"rendered":"<p>Foram 7 edi\u00e7\u00f5es deliciosas at\u00e9 a oitava e\/ou primeira edi\u00e7\u00e3o 2010 do projeto <a title=\"Quanto Vale uma Can\u00e7\u00e3o\" href=\"http:\/\/http:\/\/quantovaleumacancao.wordpress.com\/\" target=\"_blank\">Quanto Vale uma Can\u00e7\u00e3o<\/a> que vai acontecer no dia 18 de mar\u00e7o.<\/p>\n<p>A id\u00e9ia \u00e9 criar um ambiente prop\u00edcio para os compositores cantarem e contarem um pouco sobre o processo de cria\u00e7\u00e3o das suas m\u00fasicas. O formato da apresenta\u00e7\u00e3o \u00e9 ac\u00fastico: voz e viol\u00e3o, ou \u00e0 capela ou&#8230; &#8220;vai no simples&#8221;.<\/p>\n<p>Quando fui chamada pelo <a title=\"Dani Turcheto\" href=\"http:\/\/www.mspace.com\/daniturcheto\" target=\"_blank\">Dani Turcheto<\/a> pra fazer parte do grupo de organizadores do projeto, n\u00e3o tive a menor d\u00favida que estar\u00edamos inaugurando uma oportunidade excepcional no circuito da can\u00e7\u00e3o, tanto para n\u00f3s autores, quanto (e principalmente) para o p\u00fablico. Hist\u00f3rias engra\u00e7adas, can\u00e7\u00f5es in\u00e9ditas, parcerias inusitadas, m\u00fasicas originalmente com arranjos complexos apresentadas de uma maneira direta e despretenciosa, tudo isso acontece ali, sempre na terceira quinta-feira do m\u00eas, no Teatro da Vila.<\/p>\n<p>A id\u00e9ia \u00e9 criar uma rotatividade entre os artistas que se apresentam abrangendo uma grande diversidade de estilos e abrindo espa\u00e7o tamb\u00e9m para novos talentos.<\/p>\n<p>Vale dizer que QVUC \u00e9 um bra\u00e7o de um projeto muito maior chamado <a title=\"Quanto Vale?\" href=\"http:\/\/http:\/\/coletivonavegantes.com.br\/blog\/projetos-culturais\/quanto-vale\/\" target=\"_blank\">QUANTO VALE?<\/a> criado pelo <a title=\"Coletivo Navegantes\" href=\"http:\/\/http:\/\/coletivonavegantes.com.br\/blog\/projetos-culturais\/quanto-vale\/\" target=\"_blank\">Coletivo Navegantes<\/a>, com a inten\u00e7\u00e3o de questionar o valor do produto art\u00edstico. Nos shows produzidos pelo QUANTO VALE ?, a entrada \u00e9 livre e o espectador paga na sa\u00edda o quanto acha que valeu o show.<\/p>\n<p>Nesta edi\u00e7\u00e3o, a <a title=\"Iara Renn\u00f3\" href=\"http:\/\/www.myspace.com\/iararenno\" target=\"_blank\">Iara Renn\u00f3<\/a> ser\u00e1 a convidada especial da noite&#8230;<\/p>\n<p>T\u00e1 valendo!<\/p>\n<p><a href=\"https:\/\/luhorta.com\/blog\/wp-content\/uploads\/2010\/03\/flyer_qtv_03-10.jpg\"><img loading=\"lazy\" decoding=\"async\" class=\"aligncenter size-full wp-image-493\" title=\"flyer_qtv_03-10\" src=\"https:\/\/luhorta.com\/blog\/wp-content\/uploads\/2010\/03\/flyer_qtv_03-10.jpg\" alt=\"\" width=\"500\" height=\"700\" srcset=\"https:\/\/luhorta.com\/blog\/wp-content\/uploads\/2010\/03\/flyer_qtv_03-10.jpg 500w, https:\/\/luhorta.com\/blog\/wp-content\/uploads\/2010\/03\/flyer_qtv_03-10-214x300.jpg 214w\" sizes=\"auto, (max-width: 500px) 100vw, 500px\" \/><\/a><\/p>\n","protected":false},"excerpt":{"rendered":"<p>Foram 7 edi\u00e7\u00f5es deliciosas at\u00e9 a oitava e\/ou primeira edi\u00e7\u00e3o 2010 do projeto Quanto Vale uma Can\u00e7\u00e3o que vai acontecer no dia 18 de mar\u00e7o. A id\u00e9ia \u00e9 criar um ambiente prop\u00edcio para os compositores cantarem e contarem um pouco &hellip; <a href=\"https:\/\/luhorta.com\/blog\/2010\/03\/no-backstage-da-cancao\/\">Continue reading <span class=\"meta-nav\">&rarr;<\/span><\/a><\/p>\n","protected":false},"author":1,"featured_media":0,"comment_status":"open","ping_status":"open","sticky":false,"template":"","format":"standard","meta":{"footnotes":""},"categories":[3],"tags":[],"class_list":["post-491","post","type-post","status-publish","format-standard","hentry","category-texts"],"yoast_head":"<!-- This site is optimized with the Yoast SEO plugin v27.5 - https:\/\/yoast.com\/product\/yoast-seo-wordpress\/ -->\n<title>No backstage da can\u00e7\u00e3o - Lu Horta<\/title>\n<meta name=\"robots\" content=\"index, follow, max-snippet:-1, max-image-preview:large, max-video-preview:-1\" \/>\n<link rel=\"canonical\" href=\"https:\/\/luhorta.com\/blog\/2010\/03\/no-backstage-da-cancao\/\" \/>\n<meta property=\"og:locale\" content=\"en_US\" \/>\n<meta property=\"og:type\" content=\"article\" \/>\n<meta property=\"og:title\" content=\"No backstage da can\u00e7\u00e3o - Lu Horta\" \/>\n<meta property=\"og:description\" content=\"Foram 7 edi\u00e7\u00f5es deliciosas at\u00e9 a oitava e\/ou primeira edi\u00e7\u00e3o 2010 do projeto Quanto Vale uma Can\u00e7\u00e3o que vai acontecer no dia 18 de mar\u00e7o. A id\u00e9ia \u00e9 criar um ambiente prop\u00edcio para os compositores cantarem e contarem um pouco &hellip; Continue reading &rarr;\" \/>\n<meta property=\"og:url\" content=\"https:\/\/luhorta.com\/blog\/2010\/03\/no-backstage-da-cancao\/\" \/>\n<meta property=\"og:site_name\" content=\"Lu Horta\" \/>\n<meta property=\"article:publisher\" content=\"http:\/\/www.facebook.com\/luhorta\" \/>\n<meta property=\"article:author\" content=\"http:\/\/www.facebook.com\/luhorta\" \/>\n<meta property=\"article:published_time\" content=\"2010-03-09T12:19:12+00:00\" \/>\n<meta property=\"og:image\" content=\"http:\/\/luhorta.com\/blog\/wp-content\/uploads\/2010\/03\/flyer_qtv_03-10.jpg\" \/>\n<meta name=\"author\" content=\"Lu Horta\" \/>\n<meta name=\"twitter:card\" content=\"summary_large_image\" \/>\n<meta name=\"twitter:creator\" content=\"@lu_horta_sings\" \/>\n<meta name=\"twitter:site\" content=\"@lu_horta_sings\" \/>\n<meta name=\"twitter:label1\" content=\"Written by\" \/>\n\t<meta name=\"twitter:data1\" content=\"Lu Horta\" \/>\n\t<meta name=\"twitter:label2\" content=\"Est. reading time\" \/>\n\t<meta name=\"twitter:data2\" content=\"1 minute\" \/>\n<script type=\"application\/ld+json\" class=\"yoast-schema-graph\">{\"@context\":\"https:\\\/\\\/schema.org\",\"@graph\":[{\"@type\":\"Article\",\"@id\":\"https:\\\/\\\/luhorta.com\\\/blog\\\/2010\\\/03\\\/no-backstage-da-cancao\\\/#article\",\"isPartOf\":{\"@id\":\"https:\\\/\\\/luhorta.com\\\/blog\\\/2010\\\/03\\\/no-backstage-da-cancao\\\/\"},\"author\":{\"name\":\"Lu Horta\",\"@id\":\"https:\\\/\\\/luhorta.com\\\/blog\\\/#\\\/schema\\\/person\\\/3e58bdae6e5e07031a5acacc17923649\"},\"headline\":\"No backstage da can\u00e7\u00e3o\",\"datePublished\":\"2010-03-09T12:19:12+00:00\",\"mainEntityOfPage\":{\"@id\":\"https:\\\/\\\/luhorta.com\\\/blog\\\/2010\\\/03\\\/no-backstage-da-cancao\\\/\"},\"wordCount\":254,\"commentCount\":0,\"publisher\":{\"@id\":\"https:\\\/\\\/luhorta.com\\\/blog\\\/#\\\/schema\\\/person\\\/3e58bdae6e5e07031a5acacc17923649\"},\"image\":{\"@id\":\"https:\\\/\\\/luhorta.com\\\/blog\\\/2010\\\/03\\\/no-backstage-da-cancao\\\/#primaryimage\"},\"thumbnailUrl\":\"http:\\\/\\\/luhorta.com\\\/blog\\\/wp-content\\\/uploads\\\/2010\\\/03\\\/flyer_qtv_03-10.jpg\",\"articleSection\":[\"Textos\"],\"inLanguage\":\"en-US\",\"potentialAction\":[{\"@type\":\"CommentAction\",\"name\":\"Comment\",\"target\":[\"https:\\\/\\\/luhorta.com\\\/blog\\\/2010\\\/03\\\/no-backstage-da-cancao\\\/#respond\"]}]},{\"@type\":\"WebPage\",\"@id\":\"https:\\\/\\\/luhorta.com\\\/blog\\\/2010\\\/03\\\/no-backstage-da-cancao\\\/\",\"url\":\"https:\\\/\\\/luhorta.com\\\/blog\\\/2010\\\/03\\\/no-backstage-da-cancao\\\/\",\"name\":\"No backstage da can\u00e7\u00e3o - Lu Horta\",\"isPartOf\":{\"@id\":\"https:\\\/\\\/luhorta.com\\\/blog\\\/#website\"},\"primaryImageOfPage\":{\"@id\":\"https:\\\/\\\/luhorta.com\\\/blog\\\/2010\\\/03\\\/no-backstage-da-cancao\\\/#primaryimage\"},\"image\":{\"@id\":\"https:\\\/\\\/luhorta.com\\\/blog\\\/2010\\\/03\\\/no-backstage-da-cancao\\\/#primaryimage\"},\"thumbnailUrl\":\"http:\\\/\\\/luhorta.com\\\/blog\\\/wp-content\\\/uploads\\\/2010\\\/03\\\/flyer_qtv_03-10.jpg\",\"datePublished\":\"2010-03-09T12:19:12+00:00\",\"inLanguage\":\"en-US\",\"potentialAction\":[{\"@type\":\"ReadAction\",\"target\":[\"https:\\\/\\\/luhorta.com\\\/blog\\\/2010\\\/03\\\/no-backstage-da-cancao\\\/\"]}]},{\"@type\":\"ImageObject\",\"inLanguage\":\"en-US\",\"@id\":\"https:\\\/\\\/luhorta.com\\\/blog\\\/2010\\\/03\\\/no-backstage-da-cancao\\\/#primaryimage\",\"url\":\"http:\\\/\\\/luhorta.com\\\/blog\\\/wp-content\\\/uploads\\\/2010\\\/03\\\/flyer_qtv_03-10.jpg\",\"contentUrl\":\"http:\\\/\\\/luhorta.com\\\/blog\\\/wp-content\\\/uploads\\\/2010\\\/03\\\/flyer_qtv_03-10.jpg\"},{\"@type\":\"WebSite\",\"@id\":\"https:\\\/\\\/luhorta.com\\\/blog\\\/#website\",\"url\":\"https:\\\/\\\/luhorta.com\\\/blog\\\/\",\"name\":\"Lu Horta\",\"description\":\"Brazilian singer-songwriter, body percussionist, voice &amp; body-percussion teacher\",\"publisher\":{\"@id\":\"https:\\\/\\\/luhorta.com\\\/blog\\\/#\\\/schema\\\/person\\\/3e58bdae6e5e07031a5acacc17923649\"},\"potentialAction\":[{\"@type\":\"SearchAction\",\"target\":{\"@type\":\"EntryPoint\",\"urlTemplate\":\"https:\\\/\\\/luhorta.com\\\/blog\\\/?s={search_term_string}\"},\"query-input\":{\"@type\":\"PropertyValueSpecification\",\"valueRequired\":true,\"valueName\":\"search_term_string\"}}],\"inLanguage\":\"en-US\"},{\"@type\":[\"Person\",\"Organization\"],\"@id\":\"https:\\\/\\\/luhorta.com\\\/blog\\\/#\\\/schema\\\/person\\\/3e58bdae6e5e07031a5acacc17923649\",\"name\":\"Lu Horta\",\"image\":{\"@type\":\"ImageObject\",\"inLanguage\":\"en-US\",\"@id\":\"https:\\\/\\\/luhorta.com\\\/blog\\\/wp-content\\\/uploads\\\/2010\\\/06\\\/Lu-Horta-150x150.jpg\",\"url\":\"https:\\\/\\\/luhorta.com\\\/blog\\\/wp-content\\\/uploads\\\/2010\\\/06\\\/Lu-Horta-150x150.jpg\",\"contentUrl\":\"https:\\\/\\\/luhorta.com\\\/blog\\\/wp-content\\\/uploads\\\/2010\\\/06\\\/Lu-Horta-150x150.jpg\",\"caption\":\"Lu Horta\"},\"logo\":{\"@id\":\"https:\\\/\\\/luhorta.com\\\/blog\\\/wp-content\\\/uploads\\\/2010\\\/06\\\/Lu-Horta-150x150.jpg\"},\"description\":\"Brazilian singer\\\/songwriter. Acoustic guitar, gentle voice and body percussion combined with electronic creations invite us to a mix of Brazilian pop groove Bossa and poetry.\",\"sameAs\":[\"http:\\\/\\\/www.luhorta.com\",\"http:\\\/\\\/www.facebook.com\\\/luhorta\",\"http:\\\/\\\/instagram\\\/luhorta\",\"https:\\\/\\\/www.linkedin.com\\\/in\\\/luhorta?lipi=urnlipaged_flagship3_profile_view_base_contact_detailsaErq8BJSxy1xNp6cgWw\",\"https:\\\/\\\/x.com\\\/lu_horta_sings\",\"https:\\\/\\\/www.youtube.com\\\/@luhorta\"]}]}<\/script>\n<!-- \/ Yoast SEO plugin. -->","yoast_head_json":{"title":"No backstage da can\u00e7\u00e3o - Lu Horta","robots":{"index":"index","follow":"follow","max-snippet":"max-snippet:-1","max-image-preview":"max-image-preview:large","max-video-preview":"max-video-preview:-1"},"canonical":"https:\/\/luhorta.com\/blog\/2010\/03\/no-backstage-da-cancao\/","og_locale":"en_US","og_type":"article","og_title":"No backstage da can\u00e7\u00e3o - Lu Horta","og_description":"Foram 7 edi\u00e7\u00f5es deliciosas at\u00e9 a oitava e\/ou primeira edi\u00e7\u00e3o 2010 do projeto Quanto Vale uma Can\u00e7\u00e3o que vai acontecer no dia 18 de mar\u00e7o. A id\u00e9ia \u00e9 criar um ambiente prop\u00edcio para os compositores cantarem e contarem um pouco &hellip; Continue reading &rarr;","og_url":"https:\/\/luhorta.com\/blog\/2010\/03\/no-backstage-da-cancao\/","og_site_name":"Lu Horta","article_publisher":"http:\/\/www.facebook.com\/luhorta","article_author":"http:\/\/www.facebook.com\/luhorta","article_published_time":"2010-03-09T12:19:12+00:00","og_image":[{"url":"http:\/\/luhorta.com\/blog\/wp-content\/uploads\/2010\/03\/flyer_qtv_03-10.jpg","type":"","width":"","height":""}],"author":"Lu Horta","twitter_card":"summary_large_image","twitter_creator":"@lu_horta_sings","twitter_site":"@lu_horta_sings","twitter_misc":{"Written by":"Lu Horta","Est. reading time":"1 minute"},"schema":{"@context":"https:\/\/schema.org","@graph":[{"@type":"Article","@id":"https:\/\/luhorta.com\/blog\/2010\/03\/no-backstage-da-cancao\/#article","isPartOf":{"@id":"https:\/\/luhorta.com\/blog\/2010\/03\/no-backstage-da-cancao\/"},"author":{"name":"Lu Horta","@id":"https:\/\/luhorta.com\/blog\/#\/schema\/person\/3e58bdae6e5e07031a5acacc17923649"},"headline":"No backstage da can\u00e7\u00e3o","datePublished":"2010-03-09T12:19:12+00:00","mainEntityOfPage":{"@id":"https:\/\/luhorta.com\/blog\/2010\/03\/no-backstage-da-cancao\/"},"wordCount":254,"commentCount":0,"publisher":{"@id":"https:\/\/luhorta.com\/blog\/#\/schema\/person\/3e58bdae6e5e07031a5acacc17923649"},"image":{"@id":"https:\/\/luhorta.com\/blog\/2010\/03\/no-backstage-da-cancao\/#primaryimage"},"thumbnailUrl":"http:\/\/luhorta.com\/blog\/wp-content\/uploads\/2010\/03\/flyer_qtv_03-10.jpg","articleSection":["Textos"],"inLanguage":"en-US","potentialAction":[{"@type":"CommentAction","name":"Comment","target":["https:\/\/luhorta.com\/blog\/2010\/03\/no-backstage-da-cancao\/#respond"]}]},{"@type":"WebPage","@id":"https:\/\/luhorta.com\/blog\/2010\/03\/no-backstage-da-cancao\/","url":"https:\/\/luhorta.com\/blog\/2010\/03\/no-backstage-da-cancao\/","name":"No backstage da can\u00e7\u00e3o - Lu Horta","isPartOf":{"@id":"https:\/\/luhorta.com\/blog\/#website"},"primaryImageOfPage":{"@id":"https:\/\/luhorta.com\/blog\/2010\/03\/no-backstage-da-cancao\/#primaryimage"},"image":{"@id":"https:\/\/luhorta.com\/blog\/2010\/03\/no-backstage-da-cancao\/#primaryimage"},"thumbnailUrl":"http:\/\/luhorta.com\/blog\/wp-content\/uploads\/2010\/03\/flyer_qtv_03-10.jpg","datePublished":"2010-03-09T12:19:12+00:00","inLanguage":"en-US","potentialAction":[{"@type":"ReadAction","target":["https:\/\/luhorta.com\/blog\/2010\/03\/no-backstage-da-cancao\/"]}]},{"@type":"ImageObject","inLanguage":"en-US","@id":"https:\/\/luhorta.com\/blog\/2010\/03\/no-backstage-da-cancao\/#primaryimage","url":"http:\/\/luhorta.com\/blog\/wp-content\/uploads\/2010\/03\/flyer_qtv_03-10.jpg","contentUrl":"http:\/\/luhorta.com\/blog\/wp-content\/uploads\/2010\/03\/flyer_qtv_03-10.jpg"},{"@type":"WebSite","@id":"https:\/\/luhorta.com\/blog\/#website","url":"https:\/\/luhorta.com\/blog\/","name":"Lu Horta","description":"Brazilian singer-songwriter, body percussionist, voice &amp; body-percussion teacher","publisher":{"@id":"https:\/\/luhorta.com\/blog\/#\/schema\/person\/3e58bdae6e5e07031a5acacc17923649"},"potentialAction":[{"@type":"SearchAction","target":{"@type":"EntryPoint","urlTemplate":"https:\/\/luhorta.com\/blog\/?s={search_term_string}"},"query-input":{"@type":"PropertyValueSpecification","valueRequired":true,"valueName":"search_term_string"}}],"inLanguage":"en-US"},{"@type":["Person","Organization"],"@id":"https:\/\/luhorta.com\/blog\/#\/schema\/person\/3e58bdae6e5e07031a5acacc17923649","name":"Lu Horta","image":{"@type":"ImageObject","inLanguage":"en-US","@id":"https:\/\/luhorta.com\/blog\/wp-content\/uploads\/2010\/06\/Lu-Horta-150x150.jpg","url":"https:\/\/luhorta.com\/blog\/wp-content\/uploads\/2010\/06\/Lu-Horta-150x150.jpg","contentUrl":"https:\/\/luhorta.com\/blog\/wp-content\/uploads\/2010\/06\/Lu-Horta-150x150.jpg","caption":"Lu Horta"},"logo":{"@id":"https:\/\/luhorta.com\/blog\/wp-content\/uploads\/2010\/06\/Lu-Horta-150x150.jpg"},"description":"Brazilian singer\/songwriter. Acoustic guitar, gentle voice and body percussion combined with electronic creations invite us to a mix of Brazilian pop groove Bossa and poetry.","sameAs":["http:\/\/www.luhorta.com","http:\/\/www.facebook.com\/luhorta","http:\/\/instagram\/luhorta","https:\/\/www.linkedin.com\/in\/luhorta?lipi=urnlipaged_flagship3_profile_view_base_contact_detailsaErq8BJSxy1xNp6cgWw","https:\/\/x.com\/lu_horta_sings","https:\/\/www.youtube.com\/@luhorta"]}]}},"_links":{"self":[{"href":"https:\/\/luhorta.com\/blog\/wp-json\/wp\/v2\/posts\/491","targetHints":{"allow":["GET"]}}],"collection":[{"href":"https:\/\/luhorta.com\/blog\/wp-json\/wp\/v2\/posts"}],"about":[{"href":"https:\/\/luhorta.com\/blog\/wp-json\/wp\/v2\/types\/post"}],"author":[{"embeddable":true,"href":"https:\/\/luhorta.com\/blog\/wp-json\/wp\/v2\/users\/1"}],"replies":[{"embeddable":true,"href":"https:\/\/luhorta.com\/blog\/wp-json\/wp\/v2\/comments?post=491"}],"version-history":[{"count":5,"href":"https:\/\/luhorta.com\/blog\/wp-json\/wp\/v2\/posts\/491\/revisions"}],"predecessor-version":[{"id":497,"href":"https:\/\/luhorta.com\/blog\/wp-json\/wp\/v2\/posts\/491\/revisions\/497"}],"wp:attachment":[{"href":"https:\/\/luhorta.com\/blog\/wp-json\/wp\/v2\/media?parent=491"}],"wp:term":[{"taxonomy":"category","embeddable":true,"href":"https:\/\/luhorta.com\/blog\/wp-json\/wp\/v2\/categories?post=491"},{"taxonomy":"post_tag","embeddable":true,"href":"https:\/\/luhorta.com\/blog\/wp-json\/wp\/v2\/tags?post=491"}],"curies":[{"name":"wp","href":"https:\/\/api.w.org\/{rel}","templated":true}]}}