{"id":407,"date":"2009-12-29T21:56:38","date_gmt":"2009-12-30T00:56:38","guid":{"rendered":"http:\/\/luhorta.com\/blog\/?p=407"},"modified":"2013-07-09T18:36:36","modified_gmt":"2013-07-09T21:36:36","slug":"o-nome-do-album-paraiso-eu","status":"publish","type":"post","link":"https:\/\/luhorta.com\/blog\/2009\/12\/o-nome-do-album-paraiso-eu\/","title":{"rendered":"O nome do \u00e1lbum: Para\u00edso Eu"},"content":{"rendered":"<p>&#8220;Nunca a palavra &#8220;eu&#8221; pode chegar de fora ao meu ouvido quando esta designa\u00e7\u00e3o se refere a <em>mim<\/em>. S\u00f3 de dentro pra fora, <em>por si<\/em> <em>pr\u00f3pria<\/em>, a alma pode denominar-se &#8220;eu&#8221; &#8211; Rudolf Steiner<\/p>\n<p>E foi partindo deste pressuposto que eu decidi que o meu segundo \u00e1lbum seria chamado &#8220;Para\u00edso Eu&#8221;.<\/p>\n<p>Cantar esta maravilhosa can\u00e7\u00e3o do Arnaldo Antunes\u00a0 \u00e9 como um exerc\u00edcio de centramento e consci\u00eancia.\u00a0 Uma conversa comigo mesma: &#8220;eu, o meu umbigo e o meu olho vesgo&#8221;.<\/p>\n<p>E assim fui costurando cada uma das faixas deste cd, fazendo um passeio pelas minhas diferentes paisagens emocionais, pelos meus tempestuosos estados de humor, pelos assuntos variados do meu cotidiano divinamente ordin\u00e1rio transformados em m\u00fasica.<\/p>\n<p>Em cada can\u00e7\u00e3o eu me reconhe\u00e7o. Cantar d\u00e1 nisso: EU SOU!<\/p>\n<p><a href=\"https:\/\/luhorta.com\/blog\/wp-content\/uploads\/2009\/12\/foto-blog-11.jpg\"><img loading=\"lazy\" decoding=\"async\" class=\"alignleft size-thumbnail wp-image-433\" title=\"foto blog 1\" alt=\"foto blog 1\" src=\"https:\/\/luhorta.com\/blog\/wp-content\/uploads\/2009\/12\/foto-blog-11-150x150.jpg\" width=\"150\" height=\"150\" \/><\/a><a href=\"https:\/\/luhorta.com\/blog\/wp-content\/uploads\/2009\/12\/fotoblog-21.jpg\"><img loading=\"lazy\" decoding=\"async\" class=\"alignleft size-thumbnail wp-image-434\" title=\"fotoblog 2\" alt=\"fotoblog 2\" src=\"https:\/\/luhorta.com\/blog\/wp-content\/uploads\/2009\/12\/fotoblog-21-150x150.jpg\" width=\"150\" height=\"150\" \/><\/a><\/p>\n<p><strong>&#8220;O que se acha em si mesmo experienta um momento do para\u00edso, da verdade.&#8221; &#8211; Thomas Adam<\/strong><\/p>\n","protected":false},"excerpt":{"rendered":"<p>&#8220;Nunca a palavra &#8220;eu&#8221; pode chegar de fora ao meu ouvido quando esta designa\u00e7\u00e3o se refere a mim. S\u00f3 de dentro pra fora, por si pr\u00f3pria, a alma pode denominar-se &#8220;eu&#8221; &#8211; Rudolf Steiner E foi partindo deste pressuposto que &hellip; <a href=\"https:\/\/luhorta.com\/blog\/2009\/12\/o-nome-do-album-paraiso-eu\/\">Continue reading <span class=\"meta-nav\">&rarr;<\/span><\/a><\/p>\n","protected":false},"author":1,"featured_media":0,"comment_status":"open","ping_status":"open","sticky":false,"template":"","format":"standard","meta":{"footnotes":""},"categories":[23,3],"tags":[],"class_list":["post-407","post","type-post","status-publish","format-standard","hentry","category-paraiso-eu-2009","category-texts"],"yoast_head":"<!-- This site is optimized with the Yoast SEO plugin v27.5 - https:\/\/yoast.com\/product\/yoast-seo-wordpress\/ -->\n<title>O nome do \u00e1lbum: Para\u00edso Eu - Lu Horta<\/title>\n<meta name=\"robots\" content=\"index, follow, max-snippet:-1, max-image-preview:large, max-video-preview:-1\" \/>\n<link rel=\"canonical\" href=\"https:\/\/luhorta.com\/blog\/2009\/12\/o-nome-do-album-paraiso-eu\/\" \/>\n<meta property=\"og:locale\" content=\"en_US\" \/>\n<meta property=\"og:type\" content=\"article\" \/>\n<meta property=\"og:title\" content=\"O nome do \u00e1lbum: Para\u00edso Eu - Lu Horta\" \/>\n<meta property=\"og:description\" content=\"&#8220;Nunca a palavra &#8220;eu&#8221; pode chegar de fora ao meu ouvido quando esta designa\u00e7\u00e3o se refere a mim. S\u00f3 de dentro pra fora, por si pr\u00f3pria, a alma pode denominar-se &#8220;eu&#8221; &#8211; Rudolf Steiner E foi partindo deste pressuposto que &hellip; Continue reading &rarr;\" \/>\n<meta property=\"og:url\" content=\"https:\/\/luhorta.com\/blog\/2009\/12\/o-nome-do-album-paraiso-eu\/\" \/>\n<meta property=\"og:site_name\" content=\"Lu Horta\" \/>\n<meta property=\"article:publisher\" content=\"http:\/\/www.facebook.com\/luhorta\" \/>\n<meta property=\"article:author\" content=\"http:\/\/www.facebook.com\/luhorta\" \/>\n<meta property=\"article:published_time\" content=\"2009-12-30T00:56:38+00:00\" \/>\n<meta property=\"article:modified_time\" content=\"2013-07-09T21:36:36+00:00\" \/>\n<meta property=\"og:image\" content=\"http:\/\/luhorta.com\/blog\/wp-content\/uploads\/2009\/12\/foto-blog-11-150x150.jpg\" \/>\n<meta name=\"author\" content=\"Lu Horta\" \/>\n<meta name=\"twitter:card\" content=\"summary_large_image\" \/>\n<meta name=\"twitter:creator\" content=\"@lu_horta_sings\" \/>\n<meta name=\"twitter:site\" content=\"@lu_horta_sings\" \/>\n<meta name=\"twitter:label1\" content=\"Written by\" \/>\n\t<meta name=\"twitter:data1\" content=\"Lu Horta\" \/>\n\t<meta name=\"twitter:label2\" content=\"Est. reading time\" \/>\n\t<meta name=\"twitter:data2\" content=\"1 minute\" \/>\n<script type=\"application\/ld+json\" class=\"yoast-schema-graph\">{\"@context\":\"https:\\\/\\\/schema.org\",\"@graph\":[{\"@type\":\"Article\",\"@id\":\"https:\\\/\\\/luhorta.com\\\/blog\\\/2009\\\/12\\\/o-nome-do-album-paraiso-eu\\\/#article\",\"isPartOf\":{\"@id\":\"https:\\\/\\\/luhorta.com\\\/blog\\\/2009\\\/12\\\/o-nome-do-album-paraiso-eu\\\/\"},\"author\":{\"name\":\"Lu Horta\",\"@id\":\"https:\\\/\\\/luhorta.com\\\/blog\\\/#\\\/schema\\\/person\\\/3e58bdae6e5e07031a5acacc17923649\"},\"headline\":\"O nome do \u00e1lbum: Para\u00edso Eu\",\"datePublished\":\"2009-12-30T00:56:38+00:00\",\"dateModified\":\"2013-07-09T21:36:36+00:00\",\"mainEntityOfPage\":{\"@id\":\"https:\\\/\\\/luhorta.com\\\/blog\\\/2009\\\/12\\\/o-nome-do-album-paraiso-eu\\\/\"},\"wordCount\":159,\"commentCount\":5,\"publisher\":{\"@id\":\"https:\\\/\\\/luhorta.com\\\/blog\\\/#\\\/schema\\\/person\\\/3e58bdae6e5e07031a5acacc17923649\"},\"image\":{\"@id\":\"https:\\\/\\\/luhorta.com\\\/blog\\\/2009\\\/12\\\/o-nome-do-album-paraiso-eu\\\/#primaryimage\"},\"thumbnailUrl\":\"http:\\\/\\\/luhorta.com\\\/blog\\\/wp-content\\\/uploads\\\/2009\\\/12\\\/foto-blog-11-150x150.jpg\",\"articleSection\":[\"Para\u00edso Eu (2009)\",\"Textos\"],\"inLanguage\":\"en-US\",\"potentialAction\":[{\"@type\":\"CommentAction\",\"name\":\"Comment\",\"target\":[\"https:\\\/\\\/luhorta.com\\\/blog\\\/2009\\\/12\\\/o-nome-do-album-paraiso-eu\\\/#respond\"]}]},{\"@type\":\"WebPage\",\"@id\":\"https:\\\/\\\/luhorta.com\\\/blog\\\/2009\\\/12\\\/o-nome-do-album-paraiso-eu\\\/\",\"url\":\"https:\\\/\\\/luhorta.com\\\/blog\\\/2009\\\/12\\\/o-nome-do-album-paraiso-eu\\\/\",\"name\":\"O nome do \u00e1lbum: Para\u00edso Eu - Lu Horta\",\"isPartOf\":{\"@id\":\"https:\\\/\\\/luhorta.com\\\/blog\\\/#website\"},\"primaryImageOfPage\":{\"@id\":\"https:\\\/\\\/luhorta.com\\\/blog\\\/2009\\\/12\\\/o-nome-do-album-paraiso-eu\\\/#primaryimage\"},\"image\":{\"@id\":\"https:\\\/\\\/luhorta.com\\\/blog\\\/2009\\\/12\\\/o-nome-do-album-paraiso-eu\\\/#primaryimage\"},\"thumbnailUrl\":\"http:\\\/\\\/luhorta.com\\\/blog\\\/wp-content\\\/uploads\\\/2009\\\/12\\\/foto-blog-11-150x150.jpg\",\"datePublished\":\"2009-12-30T00:56:38+00:00\",\"dateModified\":\"2013-07-09T21:36:36+00:00\",\"inLanguage\":\"en-US\",\"potentialAction\":[{\"@type\":\"ReadAction\",\"target\":[\"https:\\\/\\\/luhorta.com\\\/blog\\\/2009\\\/12\\\/o-nome-do-album-paraiso-eu\\\/\"]}]},{\"@type\":\"ImageObject\",\"inLanguage\":\"en-US\",\"@id\":\"https:\\\/\\\/luhorta.com\\\/blog\\\/2009\\\/12\\\/o-nome-do-album-paraiso-eu\\\/#primaryimage\",\"url\":\"http:\\\/\\\/luhorta.com\\\/blog\\\/wp-content\\\/uploads\\\/2009\\\/12\\\/foto-blog-11-150x150.jpg\",\"contentUrl\":\"http:\\\/\\\/luhorta.com\\\/blog\\\/wp-content\\\/uploads\\\/2009\\\/12\\\/foto-blog-11-150x150.jpg\"},{\"@type\":\"WebSite\",\"@id\":\"https:\\\/\\\/luhorta.com\\\/blog\\\/#website\",\"url\":\"https:\\\/\\\/luhorta.com\\\/blog\\\/\",\"name\":\"Lu Horta\",\"description\":\"Brazilian singer-songwriter, body percussionist, voice &amp; body-percussion teacher\",\"publisher\":{\"@id\":\"https:\\\/\\\/luhorta.com\\\/blog\\\/#\\\/schema\\\/person\\\/3e58bdae6e5e07031a5acacc17923649\"},\"potentialAction\":[{\"@type\":\"SearchAction\",\"target\":{\"@type\":\"EntryPoint\",\"urlTemplate\":\"https:\\\/\\\/luhorta.com\\\/blog\\\/?s={search_term_string}\"},\"query-input\":{\"@type\":\"PropertyValueSpecification\",\"valueRequired\":true,\"valueName\":\"search_term_string\"}}],\"inLanguage\":\"en-US\"},{\"@type\":[\"Person\",\"Organization\"],\"@id\":\"https:\\\/\\\/luhorta.com\\\/blog\\\/#\\\/schema\\\/person\\\/3e58bdae6e5e07031a5acacc17923649\",\"name\":\"Lu Horta\",\"image\":{\"@type\":\"ImageObject\",\"inLanguage\":\"en-US\",\"@id\":\"https:\\\/\\\/luhorta.com\\\/blog\\\/wp-content\\\/uploads\\\/2010\\\/06\\\/Lu-Horta-150x150.jpg\",\"url\":\"https:\\\/\\\/luhorta.com\\\/blog\\\/wp-content\\\/uploads\\\/2010\\\/06\\\/Lu-Horta-150x150.jpg\",\"contentUrl\":\"https:\\\/\\\/luhorta.com\\\/blog\\\/wp-content\\\/uploads\\\/2010\\\/06\\\/Lu-Horta-150x150.jpg\",\"caption\":\"Lu Horta\"},\"logo\":{\"@id\":\"https:\\\/\\\/luhorta.com\\\/blog\\\/wp-content\\\/uploads\\\/2010\\\/06\\\/Lu-Horta-150x150.jpg\"},\"description\":\"Brazilian singer\\\/songwriter. Acoustic guitar, gentle voice and body percussion combined with electronic creations invite us to a mix of Brazilian pop groove Bossa and poetry.\",\"sameAs\":[\"http:\\\/\\\/www.luhorta.com\",\"http:\\\/\\\/www.facebook.com\\\/luhorta\",\"http:\\\/\\\/instagram\\\/luhorta\",\"https:\\\/\\\/www.linkedin.com\\\/in\\\/luhorta?lipi=urnlipaged_flagship3_profile_view_base_contact_detailsaErq8BJSxy1xNp6cgWw\",\"https:\\\/\\\/x.com\\\/lu_horta_sings\",\"https:\\\/\\\/www.youtube.com\\\/@luhorta\"]}]}<\/script>\n<!-- \/ Yoast SEO plugin. -->","yoast_head_json":{"title":"O nome do \u00e1lbum: Para\u00edso Eu - Lu Horta","robots":{"index":"index","follow":"follow","max-snippet":"max-snippet:-1","max-image-preview":"max-image-preview:large","max-video-preview":"max-video-preview:-1"},"canonical":"https:\/\/luhorta.com\/blog\/2009\/12\/o-nome-do-album-paraiso-eu\/","og_locale":"en_US","og_type":"article","og_title":"O nome do \u00e1lbum: Para\u00edso Eu - Lu Horta","og_description":"&#8220;Nunca a palavra &#8220;eu&#8221; pode chegar de fora ao meu ouvido quando esta designa\u00e7\u00e3o se refere a mim. S\u00f3 de dentro pra fora, por si pr\u00f3pria, a alma pode denominar-se &#8220;eu&#8221; &#8211; Rudolf Steiner E foi partindo deste pressuposto que &hellip; Continue reading &rarr;","og_url":"https:\/\/luhorta.com\/blog\/2009\/12\/o-nome-do-album-paraiso-eu\/","og_site_name":"Lu Horta","article_publisher":"http:\/\/www.facebook.com\/luhorta","article_author":"http:\/\/www.facebook.com\/luhorta","article_published_time":"2009-12-30T00:56:38+00:00","article_modified_time":"2013-07-09T21:36:36+00:00","og_image":[{"url":"http:\/\/luhorta.com\/blog\/wp-content\/uploads\/2009\/12\/foto-blog-11-150x150.jpg","type":"","width":"","height":""}],"author":"Lu Horta","twitter_card":"summary_large_image","twitter_creator":"@lu_horta_sings","twitter_site":"@lu_horta_sings","twitter_misc":{"Written by":"Lu Horta","Est. reading time":"1 minute"},"schema":{"@context":"https:\/\/schema.org","@graph":[{"@type":"Article","@id":"https:\/\/luhorta.com\/blog\/2009\/12\/o-nome-do-album-paraiso-eu\/#article","isPartOf":{"@id":"https:\/\/luhorta.com\/blog\/2009\/12\/o-nome-do-album-paraiso-eu\/"},"author":{"name":"Lu Horta","@id":"https:\/\/luhorta.com\/blog\/#\/schema\/person\/3e58bdae6e5e07031a5acacc17923649"},"headline":"O nome do \u00e1lbum: Para\u00edso Eu","datePublished":"2009-12-30T00:56:38+00:00","dateModified":"2013-07-09T21:36:36+00:00","mainEntityOfPage":{"@id":"https:\/\/luhorta.com\/blog\/2009\/12\/o-nome-do-album-paraiso-eu\/"},"wordCount":159,"commentCount":5,"publisher":{"@id":"https:\/\/luhorta.com\/blog\/#\/schema\/person\/3e58bdae6e5e07031a5acacc17923649"},"image":{"@id":"https:\/\/luhorta.com\/blog\/2009\/12\/o-nome-do-album-paraiso-eu\/#primaryimage"},"thumbnailUrl":"http:\/\/luhorta.com\/blog\/wp-content\/uploads\/2009\/12\/foto-blog-11-150x150.jpg","articleSection":["Para\u00edso Eu (2009)","Textos"],"inLanguage":"en-US","potentialAction":[{"@type":"CommentAction","name":"Comment","target":["https:\/\/luhorta.com\/blog\/2009\/12\/o-nome-do-album-paraiso-eu\/#respond"]}]},{"@type":"WebPage","@id":"https:\/\/luhorta.com\/blog\/2009\/12\/o-nome-do-album-paraiso-eu\/","url":"https:\/\/luhorta.com\/blog\/2009\/12\/o-nome-do-album-paraiso-eu\/","name":"O nome do \u00e1lbum: Para\u00edso Eu - Lu Horta","isPartOf":{"@id":"https:\/\/luhorta.com\/blog\/#website"},"primaryImageOfPage":{"@id":"https:\/\/luhorta.com\/blog\/2009\/12\/o-nome-do-album-paraiso-eu\/#primaryimage"},"image":{"@id":"https:\/\/luhorta.com\/blog\/2009\/12\/o-nome-do-album-paraiso-eu\/#primaryimage"},"thumbnailUrl":"http:\/\/luhorta.com\/blog\/wp-content\/uploads\/2009\/12\/foto-blog-11-150x150.jpg","datePublished":"2009-12-30T00:56:38+00:00","dateModified":"2013-07-09T21:36:36+00:00","inLanguage":"en-US","potentialAction":[{"@type":"ReadAction","target":["https:\/\/luhorta.com\/blog\/2009\/12\/o-nome-do-album-paraiso-eu\/"]}]},{"@type":"ImageObject","inLanguage":"en-US","@id":"https:\/\/luhorta.com\/blog\/2009\/12\/o-nome-do-album-paraiso-eu\/#primaryimage","url":"http:\/\/luhorta.com\/blog\/wp-content\/uploads\/2009\/12\/foto-blog-11-150x150.jpg","contentUrl":"http:\/\/luhorta.com\/blog\/wp-content\/uploads\/2009\/12\/foto-blog-11-150x150.jpg"},{"@type":"WebSite","@id":"https:\/\/luhorta.com\/blog\/#website","url":"https:\/\/luhorta.com\/blog\/","name":"Lu Horta","description":"Brazilian singer-songwriter, body percussionist, voice &amp; body-percussion teacher","publisher":{"@id":"https:\/\/luhorta.com\/blog\/#\/schema\/person\/3e58bdae6e5e07031a5acacc17923649"},"potentialAction":[{"@type":"SearchAction","target":{"@type":"EntryPoint","urlTemplate":"https:\/\/luhorta.com\/blog\/?s={search_term_string}"},"query-input":{"@type":"PropertyValueSpecification","valueRequired":true,"valueName":"search_term_string"}}],"inLanguage":"en-US"},{"@type":["Person","Organization"],"@id":"https:\/\/luhorta.com\/blog\/#\/schema\/person\/3e58bdae6e5e07031a5acacc17923649","name":"Lu Horta","image":{"@type":"ImageObject","inLanguage":"en-US","@id":"https:\/\/luhorta.com\/blog\/wp-content\/uploads\/2010\/06\/Lu-Horta-150x150.jpg","url":"https:\/\/luhorta.com\/blog\/wp-content\/uploads\/2010\/06\/Lu-Horta-150x150.jpg","contentUrl":"https:\/\/luhorta.com\/blog\/wp-content\/uploads\/2010\/06\/Lu-Horta-150x150.jpg","caption":"Lu Horta"},"logo":{"@id":"https:\/\/luhorta.com\/blog\/wp-content\/uploads\/2010\/06\/Lu-Horta-150x150.jpg"},"description":"Brazilian singer\/songwriter. Acoustic guitar, gentle voice and body percussion combined with electronic creations invite us to a mix of Brazilian pop groove Bossa and poetry.","sameAs":["http:\/\/www.luhorta.com","http:\/\/www.facebook.com\/luhorta","http:\/\/instagram\/luhorta","https:\/\/www.linkedin.com\/in\/luhorta?lipi=urnlipaged_flagship3_profile_view_base_contact_detailsaErq8BJSxy1xNp6cgWw","https:\/\/x.com\/lu_horta_sings","https:\/\/www.youtube.com\/@luhorta"]}]}},"_links":{"self":[{"href":"https:\/\/luhorta.com\/blog\/wp-json\/wp\/v2\/posts\/407","targetHints":{"allow":["GET"]}}],"collection":[{"href":"https:\/\/luhorta.com\/blog\/wp-json\/wp\/v2\/posts"}],"about":[{"href":"https:\/\/luhorta.com\/blog\/wp-json\/wp\/v2\/types\/post"}],"author":[{"embeddable":true,"href":"https:\/\/luhorta.com\/blog\/wp-json\/wp\/v2\/users\/1"}],"replies":[{"embeddable":true,"href":"https:\/\/luhorta.com\/blog\/wp-json\/wp\/v2\/comments?post=407"}],"version-history":[{"count":33,"href":"https:\/\/luhorta.com\/blog\/wp-json\/wp\/v2\/posts\/407\/revisions"}],"predecessor-version":[{"id":444,"href":"https:\/\/luhorta.com\/blog\/wp-json\/wp\/v2\/posts\/407\/revisions\/444"}],"wp:attachment":[{"href":"https:\/\/luhorta.com\/blog\/wp-json\/wp\/v2\/media?parent=407"}],"wp:term":[{"taxonomy":"category","embeddable":true,"href":"https:\/\/luhorta.com\/blog\/wp-json\/wp\/v2\/categories?post=407"},{"taxonomy":"post_tag","embeddable":true,"href":"https:\/\/luhorta.com\/blog\/wp-json\/wp\/v2\/tags?post=407"}],"curies":[{"name":"wp","href":"https:\/\/api.w.org\/{rel}","templated":true}]}}