{"id":258,"date":"2009-10-05T00:35:21","date_gmt":"2009-10-05T03:35:21","guid":{"rendered":"http:\/\/luhorta.com\/blog\/?p=258"},"modified":"2010-06-14T18:50:00","modified_gmt":"2010-06-14T21:50:00","slug":"oficina-de-canto-e-percussao-corporal","status":"publish","type":"post","link":"https:\/\/luhorta.com\/blog\/2009\/10\/oficina-de-canto-e-percussao-corporal\/","title":{"rendered":"Oficina de Canto e Percuss\u00e3o Corporal"},"content":{"rendered":"<p><img loading=\"lazy\" decoding=\"async\" class=\"aligncenter size-large wp-image-259\" title=\"curso-LU2PRINT\" src=\"https:\/\/luhorta.com\/blog\/wp-content\/uploads\/2009\/10\/curso-LU2PRINT-729x1024.jpg\" alt=\"curso-LU2PRINT\" width=\"466\" height=\"654\" srcset=\"https:\/\/luhorta.com\/blog\/wp-content\/uploads\/2009\/10\/curso-LU2PRINT-729x1024.jpg 729w, https:\/\/luhorta.com\/blog\/wp-content\/uploads\/2009\/10\/curso-LU2PRINT-213x300.jpg 213w, https:\/\/luhorta.com\/blog\/wp-content\/uploads\/2009\/10\/curso-LU2PRINT.jpg 804w\" sizes=\"auto, (max-width: 466px) 100vw, 466px\" \/><\/p>\n<h3>Oficina de Canto e Percuss\u00e3o Corporal &#8211; m\u00f3dulo 2<\/h3>\n<p>Dando continuidade ao primeiro m\u00f3dulo, esta oficina tem o intuito de aprimorar a capacidade vocal e investigar com maior profundidade a diversidade dos sons corporais, capacitando o corpo e a voz para a express\u00e3o musical tendo agora a voz como ponto de partida para a estrutura\u00e7\u00e3o dos exerc\u00edcios.<br \/>\nAquecimento vocal e corporal, jogos e improvisa\u00e7\u00f5es, montagem de repert\u00f3rio formam a base dessa experi\u00eancia musical e autoperceptiva.<\/p>\n<p><strong>OBJETIVOS<\/strong>:<\/p>\n<p>. Dar ao aluno vasto repert\u00f3rio de sons que podem ser produzidos pela  voz e pelo corpo.<br \/>\n. Promover a percep\u00e7\u00e3o da pr\u00f3pria voz atrav\u00e9s da escuta consciente individual e do grupo.<br \/>\n. Desenvolvimento da coordena\u00e7\u00e3o motora.<br \/>\n. Desenvolvimento da percep\u00e7\u00e3o musical.<br \/>\n. Desenvolvimento da capacidade respirat\u00f3ria como conseq\u00fc\u00eancia de uma atitude autoperceptiva, espont\u00e2nea e expressiva.<br \/>\n. Melhoria da qualidade da emiss\u00e3o vocal (afina\u00e7\u00e3o, dic\u00e7\u00e3o e  resson\u00e2ncia livres).<br \/>\n. Integra\u00e7\u00e3o do grupo atrav\u00e9s da percep\u00e7\u00e3o e integra\u00e7\u00e3o das caracter\u00edsticas de cada um.<br \/>\n. Montagem de repert\u00f3rio.<\/p>\n<p><strong>QUANDO<\/strong>:<\/p>\n<p>M\u00f3dulo com dura\u00e7\u00e3o de 9 horas dividas em 6 encontros de uma hora e meia.<\/p>\n<p>5 e 19 de outubro \/ 9, 16, 23 e 30 de novembro<\/p>\n<p>Segundas das 20h30 \u00e0s 22h<\/p>\n<p><strong>ONDE<\/strong>:<\/p>\n<p>Espa\u00e7o Musical &#8211; Rua Paulist\u00e2nia, 339 Vila Madalena<\/p>\n<p>www.espacomusical.com.br\u00a0\u00a0\u00a0 tel: 11-38 13 29 55<\/p>\n<p><strong>CUSTO:<\/strong><\/p>\n<p>2 parcelas de R$ 135 para professores e alunos do Espa\u00e7o Musical \/ 2 parcelas de R$ 165 para o p\u00fablico em geral.<\/p>\n<p><strong>P\u00daBLICO ALVO:<\/strong><\/p>\n<p>Adolescentes e adultos interessados no aprimoramento  r\u00edtmico e vocal com experi\u00eancia musical; cantores, arte-educadores, m\u00fasicos em geral.<br \/>\nLu Horta \u00e9 cantora e compositora formada em 1993 pelo curso de M\u00fasica  Popular da Universidade Estadual de Campinas (UNICAMP). Estudou  percuss\u00e3o vocal e corporal com os m\u00fasicos St\u00eanio Mendes e Fernando  Barboza, e r\u00edtmica com o professor Jos\u00e9 Eduardo Gramani. Em 1996  participou da forma\u00e7\u00e3o do grupo de percuss\u00e3o corporal \u201cBarbatuques\u201d do  qual faz parte at\u00e9 os dias de hoje como integrante e tamb\u00e9m  preparadora vocal. Durante a sua gradua\u00e7\u00e3o na Universidade Estadual de  Campinas, teve a oportunidade de ser orientada por Luciana Souza,  Ulisses Rocha, Cyro Pereira, entre outros. H\u00e1 quinze anos estuda  t\u00e9cnica vocal com Maur\u00edcio Martinazzo. Em 1998 fez o primeiro m\u00f3dulo  do curso \u201cAudio-Vocal\u201d no Instituto Tomatis em Paris. Em 2002  participou dos cursos \u201cA Arte do Canto e o Desenvolvimento Individual\u201d  e \u201cO Ouvido e a Arte do Canto\u201d ministrado por Thomas Adam no Espa\u00e7o  Cultural Rudolf Steiner em S\u00e3o Paulo. Em 2006 concluiu a forma\u00e7\u00e3o como  arte-educadora pelo m\u00e9todo PAM (Percep\u00e7\u00e3o e Alfabetiza\u00e7\u00e3o Musical  atrav\u00e9s de can\u00e7\u00f5es) com Ricardo Breim. Atualmente trabalha como  professora de canto e percuss\u00e3o corporal em S\u00e3o Paulo e est\u00e1 cursando  a forma\u00e7\u00e3o profissionalizante em cantoterapia pela Escola do Desvendar da Voz em Florian\u00f3polis.<\/p>\n","protected":false},"excerpt":{"rendered":"<p>Oficina de Canto e Percuss\u00e3o Corporal &#8211; m\u00f3dulo 2 Dando continuidade ao primeiro m\u00f3dulo, esta oficina tem o intuito de aprimorar a capacidade vocal e investigar com maior profundidade a diversidade dos sons corporais, capacitando o corpo e a voz &hellip; <a href=\"https:\/\/luhorta.com\/blog\/2009\/10\/oficina-de-canto-e-percussao-corporal\/\">Continue reading <span class=\"meta-nav\">&rarr;<\/span><\/a><\/p>\n","protected":false},"author":1,"featured_media":0,"comment_status":"open","ping_status":"open","sticky":false,"template":"","format":"standard","meta":{"footnotes":""},"categories":[3],"tags":[],"class_list":["post-258","post","type-post","status-publish","format-standard","hentry","category-texts"],"yoast_head":"<!-- This site is optimized with the Yoast SEO plugin v27.5 - https:\/\/yoast.com\/product\/yoast-seo-wordpress\/ -->\n<title>Oficina de Canto e Percuss\u00e3o Corporal - Lu Horta<\/title>\n<meta name=\"robots\" content=\"index, follow, max-snippet:-1, max-image-preview:large, max-video-preview:-1\" \/>\n<link rel=\"canonical\" href=\"https:\/\/luhorta.com\/blog\/2009\/10\/oficina-de-canto-e-percussao-corporal\/\" \/>\n<meta property=\"og:locale\" content=\"en_US\" \/>\n<meta property=\"og:type\" content=\"article\" \/>\n<meta property=\"og:title\" content=\"Oficina de Canto e Percuss\u00e3o Corporal - Lu Horta\" \/>\n<meta property=\"og:description\" content=\"Oficina de Canto e Percuss\u00e3o Corporal &#8211; m\u00f3dulo 2 Dando continuidade ao primeiro m\u00f3dulo, esta oficina tem o intuito de aprimorar a capacidade vocal e investigar com maior profundidade a diversidade dos sons corporais, capacitando o corpo e a voz &hellip; Continue reading &rarr;\" \/>\n<meta property=\"og:url\" content=\"https:\/\/luhorta.com\/blog\/2009\/10\/oficina-de-canto-e-percussao-corporal\/\" \/>\n<meta property=\"og:site_name\" content=\"Lu Horta\" \/>\n<meta property=\"article:publisher\" content=\"http:\/\/www.facebook.com\/luhorta\" \/>\n<meta property=\"article:author\" content=\"http:\/\/www.facebook.com\/luhorta\" \/>\n<meta property=\"article:published_time\" content=\"2009-10-05T03:35:21+00:00\" \/>\n<meta property=\"article:modified_time\" content=\"2010-06-14T21:50:00+00:00\" \/>\n<meta property=\"og:image\" content=\"http:\/\/luhorta.com\/blog\/wp-content\/uploads\/2009\/10\/curso-LU2PRINT-729x1024.jpg\" \/>\n<meta name=\"author\" content=\"Lu Horta\" \/>\n<meta name=\"twitter:card\" content=\"summary_large_image\" \/>\n<meta name=\"twitter:creator\" content=\"@lu_horta_sings\" \/>\n<meta name=\"twitter:site\" content=\"@lu_horta_sings\" \/>\n<meta name=\"twitter:label1\" content=\"Written by\" \/>\n\t<meta name=\"twitter:data1\" content=\"Lu Horta\" \/>\n\t<meta name=\"twitter:label2\" content=\"Est. reading time\" \/>\n\t<meta name=\"twitter:data2\" content=\"2 minutes\" \/>\n<script type=\"application\/ld+json\" class=\"yoast-schema-graph\">{\"@context\":\"https:\\\/\\\/schema.org\",\"@graph\":[{\"@type\":\"Article\",\"@id\":\"https:\\\/\\\/luhorta.com\\\/blog\\\/2009\\\/10\\\/oficina-de-canto-e-percussao-corporal\\\/#article\",\"isPartOf\":{\"@id\":\"https:\\\/\\\/luhorta.com\\\/blog\\\/2009\\\/10\\\/oficina-de-canto-e-percussao-corporal\\\/\"},\"author\":{\"name\":\"Lu Horta\",\"@id\":\"https:\\\/\\\/luhorta.com\\\/blog\\\/#\\\/schema\\\/person\\\/3e58bdae6e5e07031a5acacc17923649\"},\"headline\":\"Oficina de Canto e Percuss\u00e3o Corporal\",\"datePublished\":\"2009-10-05T03:35:21+00:00\",\"dateModified\":\"2010-06-14T21:50:00+00:00\",\"mainEntityOfPage\":{\"@id\":\"https:\\\/\\\/luhorta.com\\\/blog\\\/2009\\\/10\\\/oficina-de-canto-e-percussao-corporal\\\/\"},\"wordCount\":488,\"commentCount\":0,\"publisher\":{\"@id\":\"https:\\\/\\\/luhorta.com\\\/blog\\\/#\\\/schema\\\/person\\\/3e58bdae6e5e07031a5acacc17923649\"},\"image\":{\"@id\":\"https:\\\/\\\/luhorta.com\\\/blog\\\/2009\\\/10\\\/oficina-de-canto-e-percussao-corporal\\\/#primaryimage\"},\"thumbnailUrl\":\"http:\\\/\\\/luhorta.com\\\/blog\\\/wp-content\\\/uploads\\\/2009\\\/10\\\/curso-LU2PRINT-729x1024.jpg\",\"articleSection\":[\"Textos\"],\"inLanguage\":\"en-US\",\"potentialAction\":[{\"@type\":\"CommentAction\",\"name\":\"Comment\",\"target\":[\"https:\\\/\\\/luhorta.com\\\/blog\\\/2009\\\/10\\\/oficina-de-canto-e-percussao-corporal\\\/#respond\"]}]},{\"@type\":\"WebPage\",\"@id\":\"https:\\\/\\\/luhorta.com\\\/blog\\\/2009\\\/10\\\/oficina-de-canto-e-percussao-corporal\\\/\",\"url\":\"https:\\\/\\\/luhorta.com\\\/blog\\\/2009\\\/10\\\/oficina-de-canto-e-percussao-corporal\\\/\",\"name\":\"Oficina de Canto e Percuss\u00e3o Corporal - Lu Horta\",\"isPartOf\":{\"@id\":\"https:\\\/\\\/luhorta.com\\\/blog\\\/#website\"},\"primaryImageOfPage\":{\"@id\":\"https:\\\/\\\/luhorta.com\\\/blog\\\/2009\\\/10\\\/oficina-de-canto-e-percussao-corporal\\\/#primaryimage\"},\"image\":{\"@id\":\"https:\\\/\\\/luhorta.com\\\/blog\\\/2009\\\/10\\\/oficina-de-canto-e-percussao-corporal\\\/#primaryimage\"},\"thumbnailUrl\":\"http:\\\/\\\/luhorta.com\\\/blog\\\/wp-content\\\/uploads\\\/2009\\\/10\\\/curso-LU2PRINT-729x1024.jpg\",\"datePublished\":\"2009-10-05T03:35:21+00:00\",\"dateModified\":\"2010-06-14T21:50:00+00:00\",\"inLanguage\":\"en-US\",\"potentialAction\":[{\"@type\":\"ReadAction\",\"target\":[\"https:\\\/\\\/luhorta.com\\\/blog\\\/2009\\\/10\\\/oficina-de-canto-e-percussao-corporal\\\/\"]}]},{\"@type\":\"ImageObject\",\"inLanguage\":\"en-US\",\"@id\":\"https:\\\/\\\/luhorta.com\\\/blog\\\/2009\\\/10\\\/oficina-de-canto-e-percussao-corporal\\\/#primaryimage\",\"url\":\"http:\\\/\\\/luhorta.com\\\/blog\\\/wp-content\\\/uploads\\\/2009\\\/10\\\/curso-LU2PRINT-729x1024.jpg\",\"contentUrl\":\"http:\\\/\\\/luhorta.com\\\/blog\\\/wp-content\\\/uploads\\\/2009\\\/10\\\/curso-LU2PRINT-729x1024.jpg\"},{\"@type\":\"WebSite\",\"@id\":\"https:\\\/\\\/luhorta.com\\\/blog\\\/#website\",\"url\":\"https:\\\/\\\/luhorta.com\\\/blog\\\/\",\"name\":\"Lu Horta\",\"description\":\"Brazilian singer-songwriter, body percussionist, voice &amp; body-percussion teacher\",\"publisher\":{\"@id\":\"https:\\\/\\\/luhorta.com\\\/blog\\\/#\\\/schema\\\/person\\\/3e58bdae6e5e07031a5acacc17923649\"},\"potentialAction\":[{\"@type\":\"SearchAction\",\"target\":{\"@type\":\"EntryPoint\",\"urlTemplate\":\"https:\\\/\\\/luhorta.com\\\/blog\\\/?s={search_term_string}\"},\"query-input\":{\"@type\":\"PropertyValueSpecification\",\"valueRequired\":true,\"valueName\":\"search_term_string\"}}],\"inLanguage\":\"en-US\"},{\"@type\":[\"Person\",\"Organization\"],\"@id\":\"https:\\\/\\\/luhorta.com\\\/blog\\\/#\\\/schema\\\/person\\\/3e58bdae6e5e07031a5acacc17923649\",\"name\":\"Lu Horta\",\"image\":{\"@type\":\"ImageObject\",\"inLanguage\":\"en-US\",\"@id\":\"https:\\\/\\\/luhorta.com\\\/blog\\\/wp-content\\\/uploads\\\/2010\\\/06\\\/Lu-Horta-150x150.jpg\",\"url\":\"https:\\\/\\\/luhorta.com\\\/blog\\\/wp-content\\\/uploads\\\/2010\\\/06\\\/Lu-Horta-150x150.jpg\",\"contentUrl\":\"https:\\\/\\\/luhorta.com\\\/blog\\\/wp-content\\\/uploads\\\/2010\\\/06\\\/Lu-Horta-150x150.jpg\",\"caption\":\"Lu Horta\"},\"logo\":{\"@id\":\"https:\\\/\\\/luhorta.com\\\/blog\\\/wp-content\\\/uploads\\\/2010\\\/06\\\/Lu-Horta-150x150.jpg\"},\"description\":\"Brazilian singer\\\/songwriter. Acoustic guitar, gentle voice and body percussion combined with electronic creations invite us to a mix of Brazilian pop groove Bossa and poetry.\",\"sameAs\":[\"http:\\\/\\\/www.luhorta.com\",\"http:\\\/\\\/www.facebook.com\\\/luhorta\",\"http:\\\/\\\/instagram\\\/luhorta\",\"https:\\\/\\\/www.linkedin.com\\\/in\\\/luhorta?lipi=urnlipaged_flagship3_profile_view_base_contact_detailsaErq8BJSxy1xNp6cgWw\",\"https:\\\/\\\/x.com\\\/lu_horta_sings\",\"https:\\\/\\\/www.youtube.com\\\/@luhorta\"]}]}<\/script>\n<!-- \/ Yoast SEO plugin. -->","yoast_head_json":{"title":"Oficina de Canto e Percuss\u00e3o Corporal - Lu Horta","robots":{"index":"index","follow":"follow","max-snippet":"max-snippet:-1","max-image-preview":"max-image-preview:large","max-video-preview":"max-video-preview:-1"},"canonical":"https:\/\/luhorta.com\/blog\/2009\/10\/oficina-de-canto-e-percussao-corporal\/","og_locale":"en_US","og_type":"article","og_title":"Oficina de Canto e Percuss\u00e3o Corporal - Lu Horta","og_description":"Oficina de Canto e Percuss\u00e3o Corporal &#8211; m\u00f3dulo 2 Dando continuidade ao primeiro m\u00f3dulo, esta oficina tem o intuito de aprimorar a capacidade vocal e investigar com maior profundidade a diversidade dos sons corporais, capacitando o corpo e a voz &hellip; Continue reading &rarr;","og_url":"https:\/\/luhorta.com\/blog\/2009\/10\/oficina-de-canto-e-percussao-corporal\/","og_site_name":"Lu Horta","article_publisher":"http:\/\/www.facebook.com\/luhorta","article_author":"http:\/\/www.facebook.com\/luhorta","article_published_time":"2009-10-05T03:35:21+00:00","article_modified_time":"2010-06-14T21:50:00+00:00","og_image":[{"url":"http:\/\/luhorta.com\/blog\/wp-content\/uploads\/2009\/10\/curso-LU2PRINT-729x1024.jpg","type":"","width":"","height":""}],"author":"Lu Horta","twitter_card":"summary_large_image","twitter_creator":"@lu_horta_sings","twitter_site":"@lu_horta_sings","twitter_misc":{"Written by":"Lu Horta","Est. reading time":"2 minutes"},"schema":{"@context":"https:\/\/schema.org","@graph":[{"@type":"Article","@id":"https:\/\/luhorta.com\/blog\/2009\/10\/oficina-de-canto-e-percussao-corporal\/#article","isPartOf":{"@id":"https:\/\/luhorta.com\/blog\/2009\/10\/oficina-de-canto-e-percussao-corporal\/"},"author":{"name":"Lu Horta","@id":"https:\/\/luhorta.com\/blog\/#\/schema\/person\/3e58bdae6e5e07031a5acacc17923649"},"headline":"Oficina de Canto e Percuss\u00e3o Corporal","datePublished":"2009-10-05T03:35:21+00:00","dateModified":"2010-06-14T21:50:00+00:00","mainEntityOfPage":{"@id":"https:\/\/luhorta.com\/blog\/2009\/10\/oficina-de-canto-e-percussao-corporal\/"},"wordCount":488,"commentCount":0,"publisher":{"@id":"https:\/\/luhorta.com\/blog\/#\/schema\/person\/3e58bdae6e5e07031a5acacc17923649"},"image":{"@id":"https:\/\/luhorta.com\/blog\/2009\/10\/oficina-de-canto-e-percussao-corporal\/#primaryimage"},"thumbnailUrl":"http:\/\/luhorta.com\/blog\/wp-content\/uploads\/2009\/10\/curso-LU2PRINT-729x1024.jpg","articleSection":["Textos"],"inLanguage":"en-US","potentialAction":[{"@type":"CommentAction","name":"Comment","target":["https:\/\/luhorta.com\/blog\/2009\/10\/oficina-de-canto-e-percussao-corporal\/#respond"]}]},{"@type":"WebPage","@id":"https:\/\/luhorta.com\/blog\/2009\/10\/oficina-de-canto-e-percussao-corporal\/","url":"https:\/\/luhorta.com\/blog\/2009\/10\/oficina-de-canto-e-percussao-corporal\/","name":"Oficina de Canto e Percuss\u00e3o Corporal - Lu Horta","isPartOf":{"@id":"https:\/\/luhorta.com\/blog\/#website"},"primaryImageOfPage":{"@id":"https:\/\/luhorta.com\/blog\/2009\/10\/oficina-de-canto-e-percussao-corporal\/#primaryimage"},"image":{"@id":"https:\/\/luhorta.com\/blog\/2009\/10\/oficina-de-canto-e-percussao-corporal\/#primaryimage"},"thumbnailUrl":"http:\/\/luhorta.com\/blog\/wp-content\/uploads\/2009\/10\/curso-LU2PRINT-729x1024.jpg","datePublished":"2009-10-05T03:35:21+00:00","dateModified":"2010-06-14T21:50:00+00:00","inLanguage":"en-US","potentialAction":[{"@type":"ReadAction","target":["https:\/\/luhorta.com\/blog\/2009\/10\/oficina-de-canto-e-percussao-corporal\/"]}]},{"@type":"ImageObject","inLanguage":"en-US","@id":"https:\/\/luhorta.com\/blog\/2009\/10\/oficina-de-canto-e-percussao-corporal\/#primaryimage","url":"http:\/\/luhorta.com\/blog\/wp-content\/uploads\/2009\/10\/curso-LU2PRINT-729x1024.jpg","contentUrl":"http:\/\/luhorta.com\/blog\/wp-content\/uploads\/2009\/10\/curso-LU2PRINT-729x1024.jpg"},{"@type":"WebSite","@id":"https:\/\/luhorta.com\/blog\/#website","url":"https:\/\/luhorta.com\/blog\/","name":"Lu Horta","description":"Brazilian singer-songwriter, body percussionist, voice &amp; body-percussion teacher","publisher":{"@id":"https:\/\/luhorta.com\/blog\/#\/schema\/person\/3e58bdae6e5e07031a5acacc17923649"},"potentialAction":[{"@type":"SearchAction","target":{"@type":"EntryPoint","urlTemplate":"https:\/\/luhorta.com\/blog\/?s={search_term_string}"},"query-input":{"@type":"PropertyValueSpecification","valueRequired":true,"valueName":"search_term_string"}}],"inLanguage":"en-US"},{"@type":["Person","Organization"],"@id":"https:\/\/luhorta.com\/blog\/#\/schema\/person\/3e58bdae6e5e07031a5acacc17923649","name":"Lu Horta","image":{"@type":"ImageObject","inLanguage":"en-US","@id":"https:\/\/luhorta.com\/blog\/wp-content\/uploads\/2010\/06\/Lu-Horta-150x150.jpg","url":"https:\/\/luhorta.com\/blog\/wp-content\/uploads\/2010\/06\/Lu-Horta-150x150.jpg","contentUrl":"https:\/\/luhorta.com\/blog\/wp-content\/uploads\/2010\/06\/Lu-Horta-150x150.jpg","caption":"Lu Horta"},"logo":{"@id":"https:\/\/luhorta.com\/blog\/wp-content\/uploads\/2010\/06\/Lu-Horta-150x150.jpg"},"description":"Brazilian singer\/songwriter. Acoustic guitar, gentle voice and body percussion combined with electronic creations invite us to a mix of Brazilian pop groove Bossa and poetry.","sameAs":["http:\/\/www.luhorta.com","http:\/\/www.facebook.com\/luhorta","http:\/\/instagram\/luhorta","https:\/\/www.linkedin.com\/in\/luhorta?lipi=urnlipaged_flagship3_profile_view_base_contact_detailsaErq8BJSxy1xNp6cgWw","https:\/\/x.com\/lu_horta_sings","https:\/\/www.youtube.com\/@luhorta"]}]}},"_links":{"self":[{"href":"https:\/\/luhorta.com\/blog\/wp-json\/wp\/v2\/posts\/258","targetHints":{"allow":["GET"]}}],"collection":[{"href":"https:\/\/luhorta.com\/blog\/wp-json\/wp\/v2\/posts"}],"about":[{"href":"https:\/\/luhorta.com\/blog\/wp-json\/wp\/v2\/types\/post"}],"author":[{"embeddable":true,"href":"https:\/\/luhorta.com\/blog\/wp-json\/wp\/v2\/users\/1"}],"replies":[{"embeddable":true,"href":"https:\/\/luhorta.com\/blog\/wp-json\/wp\/v2\/comments?post=258"}],"version-history":[{"count":14,"href":"https:\/\/luhorta.com\/blog\/wp-json\/wp\/v2\/posts\/258\/revisions"}],"predecessor-version":[{"id":663,"href":"https:\/\/luhorta.com\/blog\/wp-json\/wp\/v2\/posts\/258\/revisions\/663"}],"wp:attachment":[{"href":"https:\/\/luhorta.com\/blog\/wp-json\/wp\/v2\/media?parent=258"}],"wp:term":[{"taxonomy":"category","embeddable":true,"href":"https:\/\/luhorta.com\/blog\/wp-json\/wp\/v2\/categories?post=258"},{"taxonomy":"post_tag","embeddable":true,"href":"https:\/\/luhorta.com\/blog\/wp-json\/wp\/v2\/tags?post=258"}],"curies":[{"name":"wp","href":"https:\/\/api.w.org\/{rel}","templated":true}]}}