{"id":238,"date":"2009-09-05T15:44:33","date_gmt":"2009-09-05T18:44:33","guid":{"rendered":"http:\/\/luhorta.com\/blog\/?p=238"},"modified":"2009-09-05T15:47:52","modified_gmt":"2009-09-05T18:47:52","slug":"238","status":"publish","type":"post","link":"https:\/\/luhorta.com\/blog\/2009\/09\/238\/","title":{"rendered":"T\u00fanel do Tempo"},"content":{"rendered":"<p style=\"text-align: left;\"><img loading=\"lazy\" decoding=\"async\" class=\"aligncenter size-medium wp-image-243\" title=\"DSCN0386\" src=\"https:\/\/luhorta.com\/blog\/wp-content\/uploads\/2009\/09\/DSCN03861-300x225.jpg\" alt=\"DSCN0386\" width=\"300\" height=\"225\" srcset=\"https:\/\/luhorta.com\/blog\/wp-content\/uploads\/2009\/09\/DSCN03861-300x225.jpg 300w, https:\/\/luhorta.com\/blog\/wp-content\/uploads\/2009\/09\/DSCN03861-1023x767.jpg 1023w, https:\/\/luhorta.com\/blog\/wp-content\/uploads\/2009\/09\/DSCN03861.jpg 1700w\" sizes=\"auto, (max-width: 300px) 100vw, 300px\" \/><\/p>\n<p style=\"text-align: left;\">Eu e Leandro Bomfim no Teatro da Vila nesta \u00faltima quinta-feira. Del\u00edcia! Me lembrei de um epis\u00f3dio especial um dia antes da prova pr\u00e1tica para o vestibular de m\u00fasica popular na UNICAMP em 1990. Fui na casa do Lel\u00ea pra gente ensaiar e mostrar um para o outro as respectivas m\u00fasicas da prova: eu cantei &#8220;Round Midnight&#8221; (Thelonius Monk) e o Lel\u00ea &#8220;Viver de Amor&#8221; (Toninho Horta). Passamos!!! E muito tempo tamb\u00e9m passou com muita m\u00fasica boa sempre acontecendo. Semana que vem vamos nos apresentar de novo, obaaaaa!<\/p>\n<p style=\"text-align: left;\">\n<p style=\"text-align: left;\">\n","protected":false},"excerpt":{"rendered":"<p>Eu e Leandro Bomfim no Teatro da Vila nesta \u00faltima quinta-feira. Del\u00edcia! Me lembrei de um epis\u00f3dio especial um dia antes da prova pr\u00e1tica para o vestibular de m\u00fasica popular na UNICAMP em 1990. Fui na casa do Lel\u00ea pra &hellip; <a href=\"https:\/\/luhorta.com\/blog\/2009\/09\/238\/\">Continue reading <span class=\"meta-nav\">&rarr;<\/span><\/a><\/p>\n","protected":false},"author":1,"featured_media":0,"comment_status":"open","ping_status":"open","sticky":false,"template":"","format":"standard","meta":{"footnotes":""},"categories":[3],"tags":[],"class_list":["post-238","post","type-post","status-publish","format-standard","hentry","category-texts"],"yoast_head":"<!-- This site is optimized with the Yoast SEO plugin v27.5 - https:\/\/yoast.com\/product\/yoast-seo-wordpress\/ -->\n<title>T\u00fanel do Tempo - Lu Horta<\/title>\n<meta name=\"robots\" content=\"index, follow, max-snippet:-1, max-image-preview:large, max-video-preview:-1\" \/>\n<link rel=\"canonical\" href=\"https:\/\/luhorta.com\/blog\/2009\/09\/238\/\" \/>\n<meta property=\"og:locale\" content=\"en_US\" \/>\n<meta property=\"og:type\" content=\"article\" \/>\n<meta property=\"og:title\" content=\"T\u00fanel do Tempo - Lu Horta\" \/>\n<meta property=\"og:description\" content=\"Eu e Leandro Bomfim no Teatro da Vila nesta \u00faltima quinta-feira. Del\u00edcia! Me lembrei de um epis\u00f3dio especial um dia antes da prova pr\u00e1tica para o vestibular de m\u00fasica popular na UNICAMP em 1990. Fui na casa do Lel\u00ea pra &hellip; Continue reading &rarr;\" \/>\n<meta property=\"og:url\" content=\"https:\/\/luhorta.com\/blog\/2009\/09\/238\/\" \/>\n<meta property=\"og:site_name\" content=\"Lu Horta\" \/>\n<meta property=\"article:publisher\" content=\"http:\/\/www.facebook.com\/luhorta\" \/>\n<meta property=\"article:author\" content=\"http:\/\/www.facebook.com\/luhorta\" \/>\n<meta property=\"article:published_time\" content=\"2009-09-05T18:44:33+00:00\" \/>\n<meta property=\"article:modified_time\" content=\"2009-09-05T18:47:52+00:00\" \/>\n<meta property=\"og:image\" content=\"http:\/\/luhorta.com\/blog\/wp-content\/uploads\/2009\/09\/DSCN03861-300x225.jpg\" \/>\n<meta name=\"author\" content=\"Lu Horta\" \/>\n<meta name=\"twitter:card\" content=\"summary_large_image\" \/>\n<meta name=\"twitter:creator\" content=\"@lu_horta_sings\" \/>\n<meta name=\"twitter:site\" content=\"@lu_horta_sings\" \/>\n<meta name=\"twitter:label1\" content=\"Written by\" \/>\n\t<meta name=\"twitter:data1\" content=\"Lu Horta\" \/>\n<script type=\"application\/ld+json\" class=\"yoast-schema-graph\">{\"@context\":\"https:\\\/\\\/schema.org\",\"@graph\":[{\"@type\":\"Article\",\"@id\":\"https:\\\/\\\/luhorta.com\\\/blog\\\/2009\\\/09\\\/238\\\/#article\",\"isPartOf\":{\"@id\":\"https:\\\/\\\/luhorta.com\\\/blog\\\/2009\\\/09\\\/238\\\/\"},\"author\":{\"name\":\"Lu Horta\",\"@id\":\"https:\\\/\\\/luhorta.com\\\/blog\\\/#\\\/schema\\\/person\\\/3e58bdae6e5e07031a5acacc17923649\"},\"headline\":\"T\u00fanel do Tempo\",\"datePublished\":\"2009-09-05T18:44:33+00:00\",\"dateModified\":\"2009-09-05T18:47:52+00:00\",\"mainEntityOfPage\":{\"@id\":\"https:\\\/\\\/luhorta.com\\\/blog\\\/2009\\\/09\\\/238\\\/\"},\"wordCount\":98,\"commentCount\":1,\"publisher\":{\"@id\":\"https:\\\/\\\/luhorta.com\\\/blog\\\/#\\\/schema\\\/person\\\/3e58bdae6e5e07031a5acacc17923649\"},\"image\":{\"@id\":\"https:\\\/\\\/luhorta.com\\\/blog\\\/2009\\\/09\\\/238\\\/#primaryimage\"},\"thumbnailUrl\":\"http:\\\/\\\/luhorta.com\\\/blog\\\/wp-content\\\/uploads\\\/2009\\\/09\\\/DSCN03861-300x225.jpg\",\"articleSection\":[\"Textos\"],\"inLanguage\":\"en-US\",\"potentialAction\":[{\"@type\":\"CommentAction\",\"name\":\"Comment\",\"target\":[\"https:\\\/\\\/luhorta.com\\\/blog\\\/2009\\\/09\\\/238\\\/#respond\"]}]},{\"@type\":\"WebPage\",\"@id\":\"https:\\\/\\\/luhorta.com\\\/blog\\\/2009\\\/09\\\/238\\\/\",\"url\":\"https:\\\/\\\/luhorta.com\\\/blog\\\/2009\\\/09\\\/238\\\/\",\"name\":\"T\u00fanel do Tempo - Lu Horta\",\"isPartOf\":{\"@id\":\"https:\\\/\\\/luhorta.com\\\/blog\\\/#website\"},\"primaryImageOfPage\":{\"@id\":\"https:\\\/\\\/luhorta.com\\\/blog\\\/2009\\\/09\\\/238\\\/#primaryimage\"},\"image\":{\"@id\":\"https:\\\/\\\/luhorta.com\\\/blog\\\/2009\\\/09\\\/238\\\/#primaryimage\"},\"thumbnailUrl\":\"http:\\\/\\\/luhorta.com\\\/blog\\\/wp-content\\\/uploads\\\/2009\\\/09\\\/DSCN03861-300x225.jpg\",\"datePublished\":\"2009-09-05T18:44:33+00:00\",\"dateModified\":\"2009-09-05T18:47:52+00:00\",\"inLanguage\":\"en-US\",\"potentialAction\":[{\"@type\":\"ReadAction\",\"target\":[\"https:\\\/\\\/luhorta.com\\\/blog\\\/2009\\\/09\\\/238\\\/\"]}]},{\"@type\":\"ImageObject\",\"inLanguage\":\"en-US\",\"@id\":\"https:\\\/\\\/luhorta.com\\\/blog\\\/2009\\\/09\\\/238\\\/#primaryimage\",\"url\":\"http:\\\/\\\/luhorta.com\\\/blog\\\/wp-content\\\/uploads\\\/2009\\\/09\\\/DSCN03861-300x225.jpg\",\"contentUrl\":\"http:\\\/\\\/luhorta.com\\\/blog\\\/wp-content\\\/uploads\\\/2009\\\/09\\\/DSCN03861-300x225.jpg\"},{\"@type\":\"WebSite\",\"@id\":\"https:\\\/\\\/luhorta.com\\\/blog\\\/#website\",\"url\":\"https:\\\/\\\/luhorta.com\\\/blog\\\/\",\"name\":\"Lu Horta\",\"description\":\"Brazilian singer-songwriter, body percussionist, voice &amp; body-percussion teacher\",\"publisher\":{\"@id\":\"https:\\\/\\\/luhorta.com\\\/blog\\\/#\\\/schema\\\/person\\\/3e58bdae6e5e07031a5acacc17923649\"},\"potentialAction\":[{\"@type\":\"SearchAction\",\"target\":{\"@type\":\"EntryPoint\",\"urlTemplate\":\"https:\\\/\\\/luhorta.com\\\/blog\\\/?s={search_term_string}\"},\"query-input\":{\"@type\":\"PropertyValueSpecification\",\"valueRequired\":true,\"valueName\":\"search_term_string\"}}],\"inLanguage\":\"en-US\"},{\"@type\":[\"Person\",\"Organization\"],\"@id\":\"https:\\\/\\\/luhorta.com\\\/blog\\\/#\\\/schema\\\/person\\\/3e58bdae6e5e07031a5acacc17923649\",\"name\":\"Lu Horta\",\"image\":{\"@type\":\"ImageObject\",\"inLanguage\":\"en-US\",\"@id\":\"https:\\\/\\\/luhorta.com\\\/blog\\\/wp-content\\\/uploads\\\/2010\\\/06\\\/Lu-Horta-150x150.jpg\",\"url\":\"https:\\\/\\\/luhorta.com\\\/blog\\\/wp-content\\\/uploads\\\/2010\\\/06\\\/Lu-Horta-150x150.jpg\",\"contentUrl\":\"https:\\\/\\\/luhorta.com\\\/blog\\\/wp-content\\\/uploads\\\/2010\\\/06\\\/Lu-Horta-150x150.jpg\",\"caption\":\"Lu Horta\"},\"logo\":{\"@id\":\"https:\\\/\\\/luhorta.com\\\/blog\\\/wp-content\\\/uploads\\\/2010\\\/06\\\/Lu-Horta-150x150.jpg\"},\"description\":\"Brazilian singer\\\/songwriter. Acoustic guitar, gentle voice and body percussion combined with electronic creations invite us to a mix of Brazilian pop groove Bossa and poetry.\",\"sameAs\":[\"http:\\\/\\\/www.luhorta.com\",\"http:\\\/\\\/www.facebook.com\\\/luhorta\",\"http:\\\/\\\/instagram\\\/luhorta\",\"https:\\\/\\\/www.linkedin.com\\\/in\\\/luhorta?lipi=urnlipaged_flagship3_profile_view_base_contact_detailsaErq8BJSxy1xNp6cgWw\",\"https:\\\/\\\/x.com\\\/lu_horta_sings\",\"https:\\\/\\\/www.youtube.com\\\/@luhorta\"]}]}<\/script>\n<!-- \/ Yoast SEO plugin. -->","yoast_head_json":{"title":"T\u00fanel do Tempo - Lu Horta","robots":{"index":"index","follow":"follow","max-snippet":"max-snippet:-1","max-image-preview":"max-image-preview:large","max-video-preview":"max-video-preview:-1"},"canonical":"https:\/\/luhorta.com\/blog\/2009\/09\/238\/","og_locale":"en_US","og_type":"article","og_title":"T\u00fanel do Tempo - Lu Horta","og_description":"Eu e Leandro Bomfim no Teatro da Vila nesta \u00faltima quinta-feira. Del\u00edcia! Me lembrei de um epis\u00f3dio especial um dia antes da prova pr\u00e1tica para o vestibular de m\u00fasica popular na UNICAMP em 1990. Fui na casa do Lel\u00ea pra &hellip; Continue reading &rarr;","og_url":"https:\/\/luhorta.com\/blog\/2009\/09\/238\/","og_site_name":"Lu Horta","article_publisher":"http:\/\/www.facebook.com\/luhorta","article_author":"http:\/\/www.facebook.com\/luhorta","article_published_time":"2009-09-05T18:44:33+00:00","article_modified_time":"2009-09-05T18:47:52+00:00","og_image":[{"url":"http:\/\/luhorta.com\/blog\/wp-content\/uploads\/2009\/09\/DSCN03861-300x225.jpg","type":"","width":"","height":""}],"author":"Lu Horta","twitter_card":"summary_large_image","twitter_creator":"@lu_horta_sings","twitter_site":"@lu_horta_sings","twitter_misc":{"Written by":"Lu Horta"},"schema":{"@context":"https:\/\/schema.org","@graph":[{"@type":"Article","@id":"https:\/\/luhorta.com\/blog\/2009\/09\/238\/#article","isPartOf":{"@id":"https:\/\/luhorta.com\/blog\/2009\/09\/238\/"},"author":{"name":"Lu Horta","@id":"https:\/\/luhorta.com\/blog\/#\/schema\/person\/3e58bdae6e5e07031a5acacc17923649"},"headline":"T\u00fanel do Tempo","datePublished":"2009-09-05T18:44:33+00:00","dateModified":"2009-09-05T18:47:52+00:00","mainEntityOfPage":{"@id":"https:\/\/luhorta.com\/blog\/2009\/09\/238\/"},"wordCount":98,"commentCount":1,"publisher":{"@id":"https:\/\/luhorta.com\/blog\/#\/schema\/person\/3e58bdae6e5e07031a5acacc17923649"},"image":{"@id":"https:\/\/luhorta.com\/blog\/2009\/09\/238\/#primaryimage"},"thumbnailUrl":"http:\/\/luhorta.com\/blog\/wp-content\/uploads\/2009\/09\/DSCN03861-300x225.jpg","articleSection":["Textos"],"inLanguage":"en-US","potentialAction":[{"@type":"CommentAction","name":"Comment","target":["https:\/\/luhorta.com\/blog\/2009\/09\/238\/#respond"]}]},{"@type":"WebPage","@id":"https:\/\/luhorta.com\/blog\/2009\/09\/238\/","url":"https:\/\/luhorta.com\/blog\/2009\/09\/238\/","name":"T\u00fanel do Tempo - Lu Horta","isPartOf":{"@id":"https:\/\/luhorta.com\/blog\/#website"},"primaryImageOfPage":{"@id":"https:\/\/luhorta.com\/blog\/2009\/09\/238\/#primaryimage"},"image":{"@id":"https:\/\/luhorta.com\/blog\/2009\/09\/238\/#primaryimage"},"thumbnailUrl":"http:\/\/luhorta.com\/blog\/wp-content\/uploads\/2009\/09\/DSCN03861-300x225.jpg","datePublished":"2009-09-05T18:44:33+00:00","dateModified":"2009-09-05T18:47:52+00:00","inLanguage":"en-US","potentialAction":[{"@type":"ReadAction","target":["https:\/\/luhorta.com\/blog\/2009\/09\/238\/"]}]},{"@type":"ImageObject","inLanguage":"en-US","@id":"https:\/\/luhorta.com\/blog\/2009\/09\/238\/#primaryimage","url":"http:\/\/luhorta.com\/blog\/wp-content\/uploads\/2009\/09\/DSCN03861-300x225.jpg","contentUrl":"http:\/\/luhorta.com\/blog\/wp-content\/uploads\/2009\/09\/DSCN03861-300x225.jpg"},{"@type":"WebSite","@id":"https:\/\/luhorta.com\/blog\/#website","url":"https:\/\/luhorta.com\/blog\/","name":"Lu Horta","description":"Brazilian singer-songwriter, body percussionist, voice &amp; body-percussion teacher","publisher":{"@id":"https:\/\/luhorta.com\/blog\/#\/schema\/person\/3e58bdae6e5e07031a5acacc17923649"},"potentialAction":[{"@type":"SearchAction","target":{"@type":"EntryPoint","urlTemplate":"https:\/\/luhorta.com\/blog\/?s={search_term_string}"},"query-input":{"@type":"PropertyValueSpecification","valueRequired":true,"valueName":"search_term_string"}}],"inLanguage":"en-US"},{"@type":["Person","Organization"],"@id":"https:\/\/luhorta.com\/blog\/#\/schema\/person\/3e58bdae6e5e07031a5acacc17923649","name":"Lu Horta","image":{"@type":"ImageObject","inLanguage":"en-US","@id":"https:\/\/luhorta.com\/blog\/wp-content\/uploads\/2010\/06\/Lu-Horta-150x150.jpg","url":"https:\/\/luhorta.com\/blog\/wp-content\/uploads\/2010\/06\/Lu-Horta-150x150.jpg","contentUrl":"https:\/\/luhorta.com\/blog\/wp-content\/uploads\/2010\/06\/Lu-Horta-150x150.jpg","caption":"Lu Horta"},"logo":{"@id":"https:\/\/luhorta.com\/blog\/wp-content\/uploads\/2010\/06\/Lu-Horta-150x150.jpg"},"description":"Brazilian singer\/songwriter. Acoustic guitar, gentle voice and body percussion combined with electronic creations invite us to a mix of Brazilian pop groove Bossa and poetry.","sameAs":["http:\/\/www.luhorta.com","http:\/\/www.facebook.com\/luhorta","http:\/\/instagram\/luhorta","https:\/\/www.linkedin.com\/in\/luhorta?lipi=urnlipaged_flagship3_profile_view_base_contact_detailsaErq8BJSxy1xNp6cgWw","https:\/\/x.com\/lu_horta_sings","https:\/\/www.youtube.com\/@luhorta"]}]}},"_links":{"self":[{"href":"https:\/\/luhorta.com\/blog\/wp-json\/wp\/v2\/posts\/238","targetHints":{"allow":["GET"]}}],"collection":[{"href":"https:\/\/luhorta.com\/blog\/wp-json\/wp\/v2\/posts"}],"about":[{"href":"https:\/\/luhorta.com\/blog\/wp-json\/wp\/v2\/types\/post"}],"author":[{"embeddable":true,"href":"https:\/\/luhorta.com\/blog\/wp-json\/wp\/v2\/users\/1"}],"replies":[{"embeddable":true,"href":"https:\/\/luhorta.com\/blog\/wp-json\/wp\/v2\/comments?post=238"}],"version-history":[{"count":12,"href":"https:\/\/luhorta.com\/blog\/wp-json\/wp\/v2\/posts\/238\/revisions"}],"predecessor-version":[{"id":251,"href":"https:\/\/luhorta.com\/blog\/wp-json\/wp\/v2\/posts\/238\/revisions\/251"}],"wp:attachment":[{"href":"https:\/\/luhorta.com\/blog\/wp-json\/wp\/v2\/media?parent=238"}],"wp:term":[{"taxonomy":"category","embeddable":true,"href":"https:\/\/luhorta.com\/blog\/wp-json\/wp\/v2\/categories?post=238"},{"taxonomy":"post_tag","embeddable":true,"href":"https:\/\/luhorta.com\/blog\/wp-json\/wp\/v2\/tags?post=238"}],"curies":[{"name":"wp","href":"https:\/\/api.w.org\/{rel}","templated":true}]}}