{"id":176,"date":"2009-08-31T01:52:05","date_gmt":"2009-08-31T04:52:05","guid":{"rendered":"http:\/\/luhorta.com\/blog\/?p=176"},"modified":"2009-08-31T01:58:35","modified_gmt":"2009-08-31T04:58:35","slug":"salve","status":"publish","type":"post","link":"https:\/\/luhorta.com\/blog\/2009\/08\/salve\/","title":{"rendered":"Salve!"},"content":{"rendered":"<p>\u00c9 com entusiasmo pueril que venho anunciar o meu novo \u00e1lbum \u201cPara\u00edso Eu\u201d em breve nas lojas.<br \/>\nAproveita que voc\u00ea j\u00e1 est\u00e1 aqui e clica em &#8220;letras&#8221; pra ficar sabendo quem s\u00e3o os artistas que me ajudaram a reinventar este para\u00edso.<br \/>\nNa home do meu site <a href=\"http:\/\/\">luhorta.com<\/a> tem um link para o last.fm onde o cd est\u00e1 dispon\u00edvel na \u00edntegra para escuta.<br \/>\nE n\u00e3o deixa de conferir a agenda de shows e oficinas em setembro!<\/p>\n","protected":false},"excerpt":{"rendered":"<p>\u00c9 com entusiasmo pueril que venho anunciar o meu novo \u00e1lbum \u201cPara\u00edso Eu\u201d em breve nas lojas. Aproveita que voc\u00ea j\u00e1 est\u00e1 aqui e clica em &#8220;letras&#8221; pra ficar sabendo quem s\u00e3o os artistas que me ajudaram a reinventar este &hellip; <a href=\"https:\/\/luhorta.com\/blog\/2009\/08\/salve\/\">Continue reading <span class=\"meta-nav\">&rarr;<\/span><\/a><\/p>\n","protected":false},"author":1,"featured_media":0,"comment_status":"open","ping_status":"open","sticky":false,"template":"","format":"standard","meta":{"footnotes":""},"categories":[3],"tags":[],"class_list":["post-176","post","type-post","status-publish","format-standard","hentry","category-texts"],"yoast_head":"<!-- This site is optimized with the Yoast SEO plugin v27.5 - https:\/\/yoast.com\/product\/yoast-seo-wordpress\/ -->\n<title>Salve! - Lu Horta<\/title>\n<meta name=\"robots\" content=\"index, follow, max-snippet:-1, max-image-preview:large, max-video-preview:-1\" \/>\n<link rel=\"canonical\" href=\"https:\/\/luhorta.com\/blog\/2009\/08\/salve\/\" \/>\n<meta property=\"og:locale\" content=\"en_US\" \/>\n<meta property=\"og:type\" content=\"article\" \/>\n<meta property=\"og:title\" content=\"Salve! - Lu Horta\" \/>\n<meta property=\"og:description\" content=\"\u00c9 com entusiasmo pueril que venho anunciar o meu novo \u00e1lbum \u201cPara\u00edso Eu\u201d em breve nas lojas. Aproveita que voc\u00ea j\u00e1 est\u00e1 aqui e clica em &#8220;letras&#8221; pra ficar sabendo quem s\u00e3o os artistas que me ajudaram a reinventar este &hellip; Continue reading &rarr;\" \/>\n<meta property=\"og:url\" content=\"https:\/\/luhorta.com\/blog\/2009\/08\/salve\/\" \/>\n<meta property=\"og:site_name\" content=\"Lu Horta\" \/>\n<meta property=\"article:publisher\" content=\"http:\/\/www.facebook.com\/luhorta\" \/>\n<meta property=\"article:author\" content=\"http:\/\/www.facebook.com\/luhorta\" \/>\n<meta property=\"article:published_time\" content=\"2009-08-31T04:52:05+00:00\" \/>\n<meta property=\"article:modified_time\" content=\"2009-08-31T04:58:35+00:00\" \/>\n<meta name=\"author\" content=\"Lu Horta\" \/>\n<meta name=\"twitter:card\" content=\"summary_large_image\" \/>\n<meta name=\"twitter:creator\" content=\"@lu_horta_sings\" \/>\n<meta name=\"twitter:site\" content=\"@lu_horta_sings\" \/>\n<meta name=\"twitter:label1\" content=\"Written by\" \/>\n\t<meta name=\"twitter:data1\" content=\"Lu Horta\" \/>\n<script type=\"application\/ld+json\" class=\"yoast-schema-graph\">{\"@context\":\"https:\\\/\\\/schema.org\",\"@graph\":[{\"@type\":\"Article\",\"@id\":\"https:\\\/\\\/luhorta.com\\\/blog\\\/2009\\\/08\\\/salve\\\/#article\",\"isPartOf\":{\"@id\":\"https:\\\/\\\/luhorta.com\\\/blog\\\/2009\\\/08\\\/salve\\\/\"},\"author\":{\"name\":\"Lu Horta\",\"@id\":\"https:\\\/\\\/luhorta.com\\\/blog\\\/#\\\/schema\\\/person\\\/3e58bdae6e5e07031a5acacc17923649\"},\"headline\":\"Salve!\",\"datePublished\":\"2009-08-31T04:52:05+00:00\",\"dateModified\":\"2009-08-31T04:58:35+00:00\",\"mainEntityOfPage\":{\"@id\":\"https:\\\/\\\/luhorta.com\\\/blog\\\/2009\\\/08\\\/salve\\\/\"},\"wordCount\":82,\"commentCount\":1,\"publisher\":{\"@id\":\"https:\\\/\\\/luhorta.com\\\/blog\\\/#\\\/schema\\\/person\\\/3e58bdae6e5e07031a5acacc17923649\"},\"articleSection\":[\"Textos\"],\"inLanguage\":\"en-US\",\"potentialAction\":[{\"@type\":\"CommentAction\",\"name\":\"Comment\",\"target\":[\"https:\\\/\\\/luhorta.com\\\/blog\\\/2009\\\/08\\\/salve\\\/#respond\"]}]},{\"@type\":\"WebPage\",\"@id\":\"https:\\\/\\\/luhorta.com\\\/blog\\\/2009\\\/08\\\/salve\\\/\",\"url\":\"https:\\\/\\\/luhorta.com\\\/blog\\\/2009\\\/08\\\/salve\\\/\",\"name\":\"Salve! - Lu Horta\",\"isPartOf\":{\"@id\":\"https:\\\/\\\/luhorta.com\\\/blog\\\/#website\"},\"datePublished\":\"2009-08-31T04:52:05+00:00\",\"dateModified\":\"2009-08-31T04:58:35+00:00\",\"inLanguage\":\"en-US\",\"potentialAction\":[{\"@type\":\"ReadAction\",\"target\":[\"https:\\\/\\\/luhorta.com\\\/blog\\\/2009\\\/08\\\/salve\\\/\"]}]},{\"@type\":\"WebSite\",\"@id\":\"https:\\\/\\\/luhorta.com\\\/blog\\\/#website\",\"url\":\"https:\\\/\\\/luhorta.com\\\/blog\\\/\",\"name\":\"Lu Horta\",\"description\":\"Brazilian singer-songwriter, body percussionist, voice &amp; body-percussion teacher\",\"publisher\":{\"@id\":\"https:\\\/\\\/luhorta.com\\\/blog\\\/#\\\/schema\\\/person\\\/3e58bdae6e5e07031a5acacc17923649\"},\"potentialAction\":[{\"@type\":\"SearchAction\",\"target\":{\"@type\":\"EntryPoint\",\"urlTemplate\":\"https:\\\/\\\/luhorta.com\\\/blog\\\/?s={search_term_string}\"},\"query-input\":{\"@type\":\"PropertyValueSpecification\",\"valueRequired\":true,\"valueName\":\"search_term_string\"}}],\"inLanguage\":\"en-US\"},{\"@type\":[\"Person\",\"Organization\"],\"@id\":\"https:\\\/\\\/luhorta.com\\\/blog\\\/#\\\/schema\\\/person\\\/3e58bdae6e5e07031a5acacc17923649\",\"name\":\"Lu Horta\",\"image\":{\"@type\":\"ImageObject\",\"inLanguage\":\"en-US\",\"@id\":\"https:\\\/\\\/luhorta.com\\\/blog\\\/wp-content\\\/uploads\\\/2010\\\/06\\\/Lu-Horta-150x150.jpg\",\"url\":\"https:\\\/\\\/luhorta.com\\\/blog\\\/wp-content\\\/uploads\\\/2010\\\/06\\\/Lu-Horta-150x150.jpg\",\"contentUrl\":\"https:\\\/\\\/luhorta.com\\\/blog\\\/wp-content\\\/uploads\\\/2010\\\/06\\\/Lu-Horta-150x150.jpg\",\"caption\":\"Lu Horta\"},\"logo\":{\"@id\":\"https:\\\/\\\/luhorta.com\\\/blog\\\/wp-content\\\/uploads\\\/2010\\\/06\\\/Lu-Horta-150x150.jpg\"},\"description\":\"Brazilian singer\\\/songwriter. Acoustic guitar, gentle voice and body percussion combined with electronic creations invite us to a mix of Brazilian pop groove Bossa and poetry.\",\"sameAs\":[\"http:\\\/\\\/www.luhorta.com\",\"http:\\\/\\\/www.facebook.com\\\/luhorta\",\"http:\\\/\\\/instagram\\\/luhorta\",\"https:\\\/\\\/www.linkedin.com\\\/in\\\/luhorta?lipi=urnlipaged_flagship3_profile_view_base_contact_detailsaErq8BJSxy1xNp6cgWw\",\"https:\\\/\\\/x.com\\\/lu_horta_sings\",\"https:\\\/\\\/www.youtube.com\\\/@luhorta\"]}]}<\/script>\n<!-- \/ Yoast SEO plugin. -->","yoast_head_json":{"title":"Salve! - Lu Horta","robots":{"index":"index","follow":"follow","max-snippet":"max-snippet:-1","max-image-preview":"max-image-preview:large","max-video-preview":"max-video-preview:-1"},"canonical":"https:\/\/luhorta.com\/blog\/2009\/08\/salve\/","og_locale":"en_US","og_type":"article","og_title":"Salve! - Lu Horta","og_description":"\u00c9 com entusiasmo pueril que venho anunciar o meu novo \u00e1lbum \u201cPara\u00edso Eu\u201d em breve nas lojas. Aproveita que voc\u00ea j\u00e1 est\u00e1 aqui e clica em &#8220;letras&#8221; pra ficar sabendo quem s\u00e3o os artistas que me ajudaram a reinventar este &hellip; Continue reading &rarr;","og_url":"https:\/\/luhorta.com\/blog\/2009\/08\/salve\/","og_site_name":"Lu Horta","article_publisher":"http:\/\/www.facebook.com\/luhorta","article_author":"http:\/\/www.facebook.com\/luhorta","article_published_time":"2009-08-31T04:52:05+00:00","article_modified_time":"2009-08-31T04:58:35+00:00","author":"Lu Horta","twitter_card":"summary_large_image","twitter_creator":"@lu_horta_sings","twitter_site":"@lu_horta_sings","twitter_misc":{"Written by":"Lu Horta"},"schema":{"@context":"https:\/\/schema.org","@graph":[{"@type":"Article","@id":"https:\/\/luhorta.com\/blog\/2009\/08\/salve\/#article","isPartOf":{"@id":"https:\/\/luhorta.com\/blog\/2009\/08\/salve\/"},"author":{"name":"Lu Horta","@id":"https:\/\/luhorta.com\/blog\/#\/schema\/person\/3e58bdae6e5e07031a5acacc17923649"},"headline":"Salve!","datePublished":"2009-08-31T04:52:05+00:00","dateModified":"2009-08-31T04:58:35+00:00","mainEntityOfPage":{"@id":"https:\/\/luhorta.com\/blog\/2009\/08\/salve\/"},"wordCount":82,"commentCount":1,"publisher":{"@id":"https:\/\/luhorta.com\/blog\/#\/schema\/person\/3e58bdae6e5e07031a5acacc17923649"},"articleSection":["Textos"],"inLanguage":"en-US","potentialAction":[{"@type":"CommentAction","name":"Comment","target":["https:\/\/luhorta.com\/blog\/2009\/08\/salve\/#respond"]}]},{"@type":"WebPage","@id":"https:\/\/luhorta.com\/blog\/2009\/08\/salve\/","url":"https:\/\/luhorta.com\/blog\/2009\/08\/salve\/","name":"Salve! - Lu Horta","isPartOf":{"@id":"https:\/\/luhorta.com\/blog\/#website"},"datePublished":"2009-08-31T04:52:05+00:00","dateModified":"2009-08-31T04:58:35+00:00","inLanguage":"en-US","potentialAction":[{"@type":"ReadAction","target":["https:\/\/luhorta.com\/blog\/2009\/08\/salve\/"]}]},{"@type":"WebSite","@id":"https:\/\/luhorta.com\/blog\/#website","url":"https:\/\/luhorta.com\/blog\/","name":"Lu Horta","description":"Brazilian singer-songwriter, body percussionist, voice &amp; body-percussion teacher","publisher":{"@id":"https:\/\/luhorta.com\/blog\/#\/schema\/person\/3e58bdae6e5e07031a5acacc17923649"},"potentialAction":[{"@type":"SearchAction","target":{"@type":"EntryPoint","urlTemplate":"https:\/\/luhorta.com\/blog\/?s={search_term_string}"},"query-input":{"@type":"PropertyValueSpecification","valueRequired":true,"valueName":"search_term_string"}}],"inLanguage":"en-US"},{"@type":["Person","Organization"],"@id":"https:\/\/luhorta.com\/blog\/#\/schema\/person\/3e58bdae6e5e07031a5acacc17923649","name":"Lu Horta","image":{"@type":"ImageObject","inLanguage":"en-US","@id":"https:\/\/luhorta.com\/blog\/wp-content\/uploads\/2010\/06\/Lu-Horta-150x150.jpg","url":"https:\/\/luhorta.com\/blog\/wp-content\/uploads\/2010\/06\/Lu-Horta-150x150.jpg","contentUrl":"https:\/\/luhorta.com\/blog\/wp-content\/uploads\/2010\/06\/Lu-Horta-150x150.jpg","caption":"Lu Horta"},"logo":{"@id":"https:\/\/luhorta.com\/blog\/wp-content\/uploads\/2010\/06\/Lu-Horta-150x150.jpg"},"description":"Brazilian singer\/songwriter. Acoustic guitar, gentle voice and body percussion combined with electronic creations invite us to a mix of Brazilian pop groove Bossa and poetry.","sameAs":["http:\/\/www.luhorta.com","http:\/\/www.facebook.com\/luhorta","http:\/\/instagram\/luhorta","https:\/\/www.linkedin.com\/in\/luhorta?lipi=urnlipaged_flagship3_profile_view_base_contact_detailsaErq8BJSxy1xNp6cgWw","https:\/\/x.com\/lu_horta_sings","https:\/\/www.youtube.com\/@luhorta"]}]}},"_links":{"self":[{"href":"https:\/\/luhorta.com\/blog\/wp-json\/wp\/v2\/posts\/176","targetHints":{"allow":["GET"]}}],"collection":[{"href":"https:\/\/luhorta.com\/blog\/wp-json\/wp\/v2\/posts"}],"about":[{"href":"https:\/\/luhorta.com\/blog\/wp-json\/wp\/v2\/types\/post"}],"author":[{"embeddable":true,"href":"https:\/\/luhorta.com\/blog\/wp-json\/wp\/v2\/users\/1"}],"replies":[{"embeddable":true,"href":"https:\/\/luhorta.com\/blog\/wp-json\/wp\/v2\/comments?post=176"}],"version-history":[{"count":5,"href":"https:\/\/luhorta.com\/blog\/wp-json\/wp\/v2\/posts\/176\/revisions"}],"predecessor-version":[{"id":181,"href":"https:\/\/luhorta.com\/blog\/wp-json\/wp\/v2\/posts\/176\/revisions\/181"}],"wp:attachment":[{"href":"https:\/\/luhorta.com\/blog\/wp-json\/wp\/v2\/media?parent=176"}],"wp:term":[{"taxonomy":"category","embeddable":true,"href":"https:\/\/luhorta.com\/blog\/wp-json\/wp\/v2\/categories?post=176"},{"taxonomy":"post_tag","embeddable":true,"href":"https:\/\/luhorta.com\/blog\/wp-json\/wp\/v2\/tags?post=176"}],"curies":[{"name":"wp","href":"https:\/\/api.w.org\/{rel}","templated":true}]}}