{"id":1325,"date":"2013-11-20T10:18:12","date_gmt":"2013-11-20T13:18:12","guid":{"rendered":"http:\/\/luhorta.com\/blog\/?p=1325"},"modified":"2016-12-12T23:19:16","modified_gmt":"2016-12-13T02:19:16","slug":"1325","status":"publish","type":"post","link":"https:\/\/luhorta.com\/blog\/2013\/11\/1325\/","title":{"rendered":"N\u00e3o se cale, diga n\u00e3o \u00e0 viol\u00eancia contra a mulher!"},"content":{"rendered":"<div><a href=\"https:\/\/luhorta.com\/blog\/wp-content\/uploads\/2013\/11\/25-de-novembro-filipeta.jpg\"><img loading=\"lazy\" decoding=\"async\" class=\"aligncenter size-medium wp-image-1327\" alt=\"25 de novembro filipeta\" src=\"https:\/\/luhorta.com\/blog\/wp-content\/uploads\/2013\/11\/25-de-novembro-filipeta-100x300.jpg\" width=\"100\" height=\"300\" srcset=\"https:\/\/luhorta.com\/blog\/wp-content\/uploads\/2013\/11\/25-de-novembro-filipeta-100x300.jpg 100w, https:\/\/luhorta.com\/blog\/wp-content\/uploads\/2013\/11\/25-de-novembro-filipeta-342x1024.jpg 342w, https:\/\/luhorta.com\/blog\/wp-content\/uploads\/2013\/11\/25-de-novembro-filipeta.jpg 720w\" sizes=\"auto, (max-width: 100px) 100vw, 100px\" \/><\/a><\/div>\n<div><\/div>\n<div id=\"id_528caf46684013534119673\">25 de novembro \u00e9 o dia internacional pela n\u00e3o viol\u00eancia contra a mulher. Existe uma programa\u00e7\u00e3o que vai acontecer a partir da semana que vem na Usp em prol dessa causa. No ano passado compus a can\u00e7\u00e3o &#8220;N\u00e3o se Cale!&#8221; especialmente para essa campanha. Com a ajuda de amigos\/artistas gravamos e fizemos um clipe da m\u00fasica. Logo abaixo do v\u00eddeo tem um texto onde eu conto a hist\u00f3ria de como me envolvi com esse movimento e o nome de todos os que me ajudaram e participaram da grava\u00e7\u00e3o. Na ter\u00e7a 26\/novembro vou fazer um show no Espa\u00e7o \u00c1gora na Usp \u00e0s 11h30 ap\u00f3s a caminhada pela n\u00e3o viol\u00eancia contra a mulher. Compare\u00e7am&#8230;peace and love!<\/div>\n<div><\/div>\n<p>[youtuber youtube=&#8217;http:\/\/www.youtube.com\/watch?v=ebT0Vj6voe8&#8242;]<\/p>\n<p>Dois anos atr\u00e1s fui surpreendida com a imagem da capa do meu primeiro \u00e1lbum (Lu Horta &#8212; 2003, que tem uma foto do meu rosto clicada pela fot\u00f3grafa Ina\u00ea Coutinho) circulando na internet e tamb\u00e9m por outros meios de comunica\u00e7\u00e3o, como s\u00edmbolo da campanha pela n\u00e3o viol\u00eancia contra a mulher.<br \/>\nA imagem foi adulterada com um X vermelho colocado na minha boca e o slogan &#8220;N\u00e3o se Cale, diga n\u00e3o a viol\u00eancia contra a mulher&#8221; foi associado a este &#8220;novo&#8221; retrato da minha cara.<br \/>\nToda essa situa\u00e7\u00e3o me causou verdadeiro desconforto, dado que o meu ve\u00edculo de trabalho \u00e9 a voz; foi desagrad\u00e1vel tamb\u00e9m, tanto pra mim quanto para as pessoas envolvidas com a produ\u00e7\u00e3o da capa do meu cd, o fato de terem violado os nossos direitos de autor.<br \/>\nNo entanto, atrav\u00e9s de uma iniciativa pessoal, decidi apoiar a campanha e expressar a minha solidariedade a causa, que considero nobre.<br \/>\nInspirada pelo slogan do movimento, compus uma can\u00e7\u00e3o e fiz um clipe homenageando as mulheres.<br \/>\nGostaria de agradecer todas as pessoas que me ajudaram nessa fa\u00e7anha.<br \/>\nS\u00e3o elas pela ordem dos acontecimentos:<br \/>\nBetta Vidmar, Suzana Moraes, Ina\u00ea Coutinho, Nelson Barbosa Jr, Neusa Franzoi, Ros\u00e2ngela, Mar\u00edlia Zalaf e Prof. Waldyr; Bezinha, Nani ,Tatiana Mehler, Fernando Horta, Bruno Bonaventure, Jesus Sanchez e todos amigos do estudio Sound Design; Z\u00e9 Nigro, Sil ,Dani, Ana, R\u00f3, Beta, Maria Lucia, Pati, Nina Cavalcanti ,Gianni Puzzo e especialmente Marcelo Effori.<br \/>\nFinalmente agrade\u00e7o todas as mulheres da minha fam\u00edlia, todas as minhas amigas, todos estes nomes que s\u00e3o citados nessa can\u00e7\u00e3o e muitos outros que est\u00e3o no meu cora\u00e7\u00e3o.<br \/>\nTodas elas, todo dia, por favor: n\u00e3o se calem!<\/p>\n<p>SP, 25 de novembro: dia internacional pela n\u00e3o viol\u00eancia contra a mulher!<\/p>\n","protected":false},"excerpt":{"rendered":"<p>25 de novembro \u00e9 o dia internacional pela n\u00e3o viol\u00eancia contra a mulher. Existe uma programa\u00e7\u00e3o que vai acontecer a partir da semana que vem na Usp em prol dessa causa. No ano passado compus a can\u00e7\u00e3o &#8220;N\u00e3o se Cale!&#8221; &hellip; <a href=\"https:\/\/luhorta.com\/blog\/2013\/11\/1325\/\">Continue reading <span class=\"meta-nav\">&rarr;<\/span><\/a><\/p>\n","protected":false},"author":1,"featured_media":0,"comment_status":"open","ping_status":"open","sticky":false,"template":"","format":"standard","meta":{"footnotes":""},"categories":[3],"tags":[46,47,48,49],"class_list":["post-1325","post","type-post","status-publish","format-standard","hentry","category-texts","tag-dont-be-silent","tag-nao-se-cale","tag-terminate-violence-against-women","tag-women-rights"],"yoast_head":"<!-- This site is optimized with the Yoast SEO plugin v27.5 - https:\/\/yoast.com\/product\/yoast-seo-wordpress\/ -->\n<title>N\u00e3o se cale, diga n\u00e3o \u00e0 viol\u00eancia contra a mulher! - Lu Horta<\/title>\n<meta name=\"robots\" content=\"index, follow, max-snippet:-1, max-image-preview:large, max-video-preview:-1\" \/>\n<link rel=\"canonical\" href=\"https:\/\/luhorta.com\/blog\/2013\/11\/1325\/\" \/>\n<meta property=\"og:locale\" content=\"en_US\" \/>\n<meta property=\"og:type\" content=\"article\" \/>\n<meta property=\"og:title\" content=\"N\u00e3o se cale, diga n\u00e3o \u00e0 viol\u00eancia contra a mulher! - Lu Horta\" \/>\n<meta property=\"og:description\" content=\"25 de novembro \u00e9 o dia internacional pela n\u00e3o viol\u00eancia contra a mulher. Existe uma programa\u00e7\u00e3o que vai acontecer a partir da semana que vem na Usp em prol dessa causa. No ano passado compus a can\u00e7\u00e3o &#8220;N\u00e3o se Cale!&#8221; &hellip; Continue reading &rarr;\" \/>\n<meta property=\"og:url\" content=\"https:\/\/luhorta.com\/blog\/2013\/11\/1325\/\" \/>\n<meta property=\"og:site_name\" content=\"Lu Horta\" \/>\n<meta property=\"article:publisher\" content=\"http:\/\/www.facebook.com\/luhorta\" \/>\n<meta property=\"article:author\" content=\"http:\/\/www.facebook.com\/luhorta\" \/>\n<meta property=\"article:published_time\" content=\"2013-11-20T13:18:12+00:00\" \/>\n<meta property=\"article:modified_time\" content=\"2016-12-13T02:19:16+00:00\" \/>\n<meta property=\"og:image\" content=\"http:\/\/luhorta.com\/blog\/wp-content\/uploads\/2013\/11\/25-de-novembro-filipeta-100x300.jpg\" \/>\n<meta name=\"author\" content=\"Lu Horta\" \/>\n<meta name=\"twitter:card\" content=\"summary_large_image\" \/>\n<meta name=\"twitter:creator\" content=\"@lu_horta_sings\" \/>\n<meta name=\"twitter:site\" content=\"@lu_horta_sings\" \/>\n<meta name=\"twitter:label1\" content=\"Written by\" \/>\n\t<meta name=\"twitter:data1\" content=\"Lu Horta\" \/>\n\t<meta name=\"twitter:label2\" content=\"Est. reading time\" \/>\n\t<meta name=\"twitter:data2\" content=\"2 minutes\" \/>\n<script type=\"application\/ld+json\" class=\"yoast-schema-graph\">{\"@context\":\"https:\\\/\\\/schema.org\",\"@graph\":[{\"@type\":\"Article\",\"@id\":\"https:\\\/\\\/luhorta.com\\\/blog\\\/2013\\\/11\\\/1325\\\/#article\",\"isPartOf\":{\"@id\":\"https:\\\/\\\/luhorta.com\\\/blog\\\/2013\\\/11\\\/1325\\\/\"},\"author\":{\"name\":\"Lu Horta\",\"@id\":\"https:\\\/\\\/luhorta.com\\\/blog\\\/#\\\/schema\\\/person\\\/3e58bdae6e5e07031a5acacc17923649\"},\"headline\":\"N\u00e3o se cale, diga n\u00e3o \u00e0 viol\u00eancia contra a mulher!\",\"datePublished\":\"2013-11-20T13:18:12+00:00\",\"dateModified\":\"2016-12-13T02:19:16+00:00\",\"mainEntityOfPage\":{\"@id\":\"https:\\\/\\\/luhorta.com\\\/blog\\\/2013\\\/11\\\/1325\\\/\"},\"wordCount\":464,\"commentCount\":0,\"publisher\":{\"@id\":\"https:\\\/\\\/luhorta.com\\\/blog\\\/#\\\/schema\\\/person\\\/3e58bdae6e5e07031a5acacc17923649\"},\"image\":{\"@id\":\"https:\\\/\\\/luhorta.com\\\/blog\\\/2013\\\/11\\\/1325\\\/#primaryimage\"},\"thumbnailUrl\":\"http:\\\/\\\/luhorta.com\\\/blog\\\/wp-content\\\/uploads\\\/2013\\\/11\\\/25-de-novembro-filipeta-100x300.jpg\",\"keywords\":[\"Don't Be Silent\",\"N\u00e3o Se Cale\",\"Terminate Violence Against Women\",\"Women Rights\"],\"articleSection\":[\"Textos\"],\"inLanguage\":\"en-US\",\"potentialAction\":[{\"@type\":\"CommentAction\",\"name\":\"Comment\",\"target\":[\"https:\\\/\\\/luhorta.com\\\/blog\\\/2013\\\/11\\\/1325\\\/#respond\"]}]},{\"@type\":\"WebPage\",\"@id\":\"https:\\\/\\\/luhorta.com\\\/blog\\\/2013\\\/11\\\/1325\\\/\",\"url\":\"https:\\\/\\\/luhorta.com\\\/blog\\\/2013\\\/11\\\/1325\\\/\",\"name\":\"N\u00e3o se cale, diga n\u00e3o \u00e0 viol\u00eancia contra a mulher! - Lu Horta\",\"isPartOf\":{\"@id\":\"https:\\\/\\\/luhorta.com\\\/blog\\\/#website\"},\"primaryImageOfPage\":{\"@id\":\"https:\\\/\\\/luhorta.com\\\/blog\\\/2013\\\/11\\\/1325\\\/#primaryimage\"},\"image\":{\"@id\":\"https:\\\/\\\/luhorta.com\\\/blog\\\/2013\\\/11\\\/1325\\\/#primaryimage\"},\"thumbnailUrl\":\"http:\\\/\\\/luhorta.com\\\/blog\\\/wp-content\\\/uploads\\\/2013\\\/11\\\/25-de-novembro-filipeta-100x300.jpg\",\"datePublished\":\"2013-11-20T13:18:12+00:00\",\"dateModified\":\"2016-12-13T02:19:16+00:00\",\"inLanguage\":\"en-US\",\"potentialAction\":[{\"@type\":\"ReadAction\",\"target\":[\"https:\\\/\\\/luhorta.com\\\/blog\\\/2013\\\/11\\\/1325\\\/\"]}]},{\"@type\":\"ImageObject\",\"inLanguage\":\"en-US\",\"@id\":\"https:\\\/\\\/luhorta.com\\\/blog\\\/2013\\\/11\\\/1325\\\/#primaryimage\",\"url\":\"http:\\\/\\\/luhorta.com\\\/blog\\\/wp-content\\\/uploads\\\/2013\\\/11\\\/25-de-novembro-filipeta-100x300.jpg\",\"contentUrl\":\"http:\\\/\\\/luhorta.com\\\/blog\\\/wp-content\\\/uploads\\\/2013\\\/11\\\/25-de-novembro-filipeta-100x300.jpg\"},{\"@type\":\"WebSite\",\"@id\":\"https:\\\/\\\/luhorta.com\\\/blog\\\/#website\",\"url\":\"https:\\\/\\\/luhorta.com\\\/blog\\\/\",\"name\":\"Lu Horta\",\"description\":\"Brazilian singer-songwriter, body percussionist, voice &amp; body-percussion teacher\",\"publisher\":{\"@id\":\"https:\\\/\\\/luhorta.com\\\/blog\\\/#\\\/schema\\\/person\\\/3e58bdae6e5e07031a5acacc17923649\"},\"potentialAction\":[{\"@type\":\"SearchAction\",\"target\":{\"@type\":\"EntryPoint\",\"urlTemplate\":\"https:\\\/\\\/luhorta.com\\\/blog\\\/?s={search_term_string}\"},\"query-input\":{\"@type\":\"PropertyValueSpecification\",\"valueRequired\":true,\"valueName\":\"search_term_string\"}}],\"inLanguage\":\"en-US\"},{\"@type\":[\"Person\",\"Organization\"],\"@id\":\"https:\\\/\\\/luhorta.com\\\/blog\\\/#\\\/schema\\\/person\\\/3e58bdae6e5e07031a5acacc17923649\",\"name\":\"Lu Horta\",\"image\":{\"@type\":\"ImageObject\",\"inLanguage\":\"en-US\",\"@id\":\"https:\\\/\\\/luhorta.com\\\/blog\\\/wp-content\\\/uploads\\\/2010\\\/06\\\/Lu-Horta-150x150.jpg\",\"url\":\"https:\\\/\\\/luhorta.com\\\/blog\\\/wp-content\\\/uploads\\\/2010\\\/06\\\/Lu-Horta-150x150.jpg\",\"contentUrl\":\"https:\\\/\\\/luhorta.com\\\/blog\\\/wp-content\\\/uploads\\\/2010\\\/06\\\/Lu-Horta-150x150.jpg\",\"caption\":\"Lu Horta\"},\"logo\":{\"@id\":\"https:\\\/\\\/luhorta.com\\\/blog\\\/wp-content\\\/uploads\\\/2010\\\/06\\\/Lu-Horta-150x150.jpg\"},\"description\":\"Brazilian singer\\\/songwriter. Acoustic guitar, gentle voice and body percussion combined with electronic creations invite us to a mix of Brazilian pop groove Bossa and poetry.\",\"sameAs\":[\"http:\\\/\\\/www.luhorta.com\",\"http:\\\/\\\/www.facebook.com\\\/luhorta\",\"http:\\\/\\\/instagram\\\/luhorta\",\"https:\\\/\\\/www.linkedin.com\\\/in\\\/luhorta?lipi=urnlipaged_flagship3_profile_view_base_contact_detailsaErq8BJSxy1xNp6cgWw\",\"https:\\\/\\\/x.com\\\/lu_horta_sings\",\"https:\\\/\\\/www.youtube.com\\\/@luhorta\"]}]}<\/script>\n<!-- \/ Yoast SEO plugin. -->","yoast_head_json":{"title":"N\u00e3o se cale, diga n\u00e3o \u00e0 viol\u00eancia contra a mulher! - Lu Horta","robots":{"index":"index","follow":"follow","max-snippet":"max-snippet:-1","max-image-preview":"max-image-preview:large","max-video-preview":"max-video-preview:-1"},"canonical":"https:\/\/luhorta.com\/blog\/2013\/11\/1325\/","og_locale":"en_US","og_type":"article","og_title":"N\u00e3o se cale, diga n\u00e3o \u00e0 viol\u00eancia contra a mulher! - Lu Horta","og_description":"25 de novembro \u00e9 o dia internacional pela n\u00e3o viol\u00eancia contra a mulher. Existe uma programa\u00e7\u00e3o que vai acontecer a partir da semana que vem na Usp em prol dessa causa. No ano passado compus a can\u00e7\u00e3o &#8220;N\u00e3o se Cale!&#8221; &hellip; Continue reading &rarr;","og_url":"https:\/\/luhorta.com\/blog\/2013\/11\/1325\/","og_site_name":"Lu Horta","article_publisher":"http:\/\/www.facebook.com\/luhorta","article_author":"http:\/\/www.facebook.com\/luhorta","article_published_time":"2013-11-20T13:18:12+00:00","article_modified_time":"2016-12-13T02:19:16+00:00","og_image":[{"url":"http:\/\/luhorta.com\/blog\/wp-content\/uploads\/2013\/11\/25-de-novembro-filipeta-100x300.jpg","type":"","width":"","height":""}],"author":"Lu Horta","twitter_card":"summary_large_image","twitter_creator":"@lu_horta_sings","twitter_site":"@lu_horta_sings","twitter_misc":{"Written by":"Lu Horta","Est. reading time":"2 minutes"},"schema":{"@context":"https:\/\/schema.org","@graph":[{"@type":"Article","@id":"https:\/\/luhorta.com\/blog\/2013\/11\/1325\/#article","isPartOf":{"@id":"https:\/\/luhorta.com\/blog\/2013\/11\/1325\/"},"author":{"name":"Lu Horta","@id":"https:\/\/luhorta.com\/blog\/#\/schema\/person\/3e58bdae6e5e07031a5acacc17923649"},"headline":"N\u00e3o se cale, diga n\u00e3o \u00e0 viol\u00eancia contra a mulher!","datePublished":"2013-11-20T13:18:12+00:00","dateModified":"2016-12-13T02:19:16+00:00","mainEntityOfPage":{"@id":"https:\/\/luhorta.com\/blog\/2013\/11\/1325\/"},"wordCount":464,"commentCount":0,"publisher":{"@id":"https:\/\/luhorta.com\/blog\/#\/schema\/person\/3e58bdae6e5e07031a5acacc17923649"},"image":{"@id":"https:\/\/luhorta.com\/blog\/2013\/11\/1325\/#primaryimage"},"thumbnailUrl":"http:\/\/luhorta.com\/blog\/wp-content\/uploads\/2013\/11\/25-de-novembro-filipeta-100x300.jpg","keywords":["Don't Be Silent","N\u00e3o Se Cale","Terminate Violence Against Women","Women Rights"],"articleSection":["Textos"],"inLanguage":"en-US","potentialAction":[{"@type":"CommentAction","name":"Comment","target":["https:\/\/luhorta.com\/blog\/2013\/11\/1325\/#respond"]}]},{"@type":"WebPage","@id":"https:\/\/luhorta.com\/blog\/2013\/11\/1325\/","url":"https:\/\/luhorta.com\/blog\/2013\/11\/1325\/","name":"N\u00e3o se cale, diga n\u00e3o \u00e0 viol\u00eancia contra a mulher! - Lu Horta","isPartOf":{"@id":"https:\/\/luhorta.com\/blog\/#website"},"primaryImageOfPage":{"@id":"https:\/\/luhorta.com\/blog\/2013\/11\/1325\/#primaryimage"},"image":{"@id":"https:\/\/luhorta.com\/blog\/2013\/11\/1325\/#primaryimage"},"thumbnailUrl":"http:\/\/luhorta.com\/blog\/wp-content\/uploads\/2013\/11\/25-de-novembro-filipeta-100x300.jpg","datePublished":"2013-11-20T13:18:12+00:00","dateModified":"2016-12-13T02:19:16+00:00","inLanguage":"en-US","potentialAction":[{"@type":"ReadAction","target":["https:\/\/luhorta.com\/blog\/2013\/11\/1325\/"]}]},{"@type":"ImageObject","inLanguage":"en-US","@id":"https:\/\/luhorta.com\/blog\/2013\/11\/1325\/#primaryimage","url":"http:\/\/luhorta.com\/blog\/wp-content\/uploads\/2013\/11\/25-de-novembro-filipeta-100x300.jpg","contentUrl":"http:\/\/luhorta.com\/blog\/wp-content\/uploads\/2013\/11\/25-de-novembro-filipeta-100x300.jpg"},{"@type":"WebSite","@id":"https:\/\/luhorta.com\/blog\/#website","url":"https:\/\/luhorta.com\/blog\/","name":"Lu Horta","description":"Brazilian singer-songwriter, body percussionist, voice &amp; body-percussion teacher","publisher":{"@id":"https:\/\/luhorta.com\/blog\/#\/schema\/person\/3e58bdae6e5e07031a5acacc17923649"},"potentialAction":[{"@type":"SearchAction","target":{"@type":"EntryPoint","urlTemplate":"https:\/\/luhorta.com\/blog\/?s={search_term_string}"},"query-input":{"@type":"PropertyValueSpecification","valueRequired":true,"valueName":"search_term_string"}}],"inLanguage":"en-US"},{"@type":["Person","Organization"],"@id":"https:\/\/luhorta.com\/blog\/#\/schema\/person\/3e58bdae6e5e07031a5acacc17923649","name":"Lu Horta","image":{"@type":"ImageObject","inLanguage":"en-US","@id":"https:\/\/luhorta.com\/blog\/wp-content\/uploads\/2010\/06\/Lu-Horta-150x150.jpg","url":"https:\/\/luhorta.com\/blog\/wp-content\/uploads\/2010\/06\/Lu-Horta-150x150.jpg","contentUrl":"https:\/\/luhorta.com\/blog\/wp-content\/uploads\/2010\/06\/Lu-Horta-150x150.jpg","caption":"Lu Horta"},"logo":{"@id":"https:\/\/luhorta.com\/blog\/wp-content\/uploads\/2010\/06\/Lu-Horta-150x150.jpg"},"description":"Brazilian singer\/songwriter. Acoustic guitar, gentle voice and body percussion combined with electronic creations invite us to a mix of Brazilian pop groove Bossa and poetry.","sameAs":["http:\/\/www.luhorta.com","http:\/\/www.facebook.com\/luhorta","http:\/\/instagram\/luhorta","https:\/\/www.linkedin.com\/in\/luhorta?lipi=urnlipaged_flagship3_profile_view_base_contact_detailsaErq8BJSxy1xNp6cgWw","https:\/\/x.com\/lu_horta_sings","https:\/\/www.youtube.com\/@luhorta"]}]}},"_links":{"self":[{"href":"https:\/\/luhorta.com\/blog\/wp-json\/wp\/v2\/posts\/1325","targetHints":{"allow":["GET"]}}],"collection":[{"href":"https:\/\/luhorta.com\/blog\/wp-json\/wp\/v2\/posts"}],"about":[{"href":"https:\/\/luhorta.com\/blog\/wp-json\/wp\/v2\/types\/post"}],"author":[{"embeddable":true,"href":"https:\/\/luhorta.com\/blog\/wp-json\/wp\/v2\/users\/1"}],"replies":[{"embeddable":true,"href":"https:\/\/luhorta.com\/blog\/wp-json\/wp\/v2\/comments?post=1325"}],"version-history":[{"count":7,"href":"https:\/\/luhorta.com\/blog\/wp-json\/wp\/v2\/posts\/1325\/revisions"}],"predecessor-version":[{"id":1333,"href":"https:\/\/luhorta.com\/blog\/wp-json\/wp\/v2\/posts\/1325\/revisions\/1333"}],"wp:attachment":[{"href":"https:\/\/luhorta.com\/blog\/wp-json\/wp\/v2\/media?parent=1325"}],"wp:term":[{"taxonomy":"category","embeddable":true,"href":"https:\/\/luhorta.com\/blog\/wp-json\/wp\/v2\/categories?post=1325"},{"taxonomy":"post_tag","embeddable":true,"href":"https:\/\/luhorta.com\/blog\/wp-json\/wp\/v2\/tags?post=1325"}],"curies":[{"name":"wp","href":"https:\/\/api.w.org\/{rel}","templated":true}]}}