{"id":1306,"date":"2013-09-25T14:32:03","date_gmt":"2013-09-25T17:32:03","guid":{"rendered":"http:\/\/luhorta.com\/blog\/?p=1306"},"modified":"2014-08-10T13:22:36","modified_gmt":"2014-08-10T16:22:36","slug":"errada-cancao-lugar-nenhum","status":"publish","type":"post","link":"https:\/\/luhorta.com\/blog\/2013\/09\/errada-cancao-lugar-nenhum\/","title":{"rendered":"A errada can\u00e7\u00e3o do lugar nenhum"},"content":{"rendered":"<div id=\"attachment_1309\" style=\"width: 310px\" class=\"wp-caption aligncenter\"><a href=\"https:\/\/luhorta.com\/blog\/wp-content\/uploads\/2013\/09\/A-Errada-Cancao-capa.jpg\"><img loading=\"lazy\" decoding=\"async\" aria-describedby=\"caption-attachment-1309\" class=\"wp-image-1309 size-medium\" src=\"https:\/\/luhorta.com\/blog\/wp-content\/uploads\/2013\/09\/A-Errada-Cancao-capa-300x300.jpg\" alt=\"A Errada Cancao - capa\" width=\"300\" height=\"300\" srcset=\"https:\/\/luhorta.com\/blog\/wp-content\/uploads\/2013\/09\/A-Errada-Cancao-capa-300x300.jpg 300w, https:\/\/luhorta.com\/blog\/wp-content\/uploads\/2013\/09\/A-Errada-Cancao-capa-150x150.jpg 150w, https:\/\/luhorta.com\/blog\/wp-content\/uploads\/2013\/09\/A-Errada-Cancao-capa-1024x1024.jpg 1024w, https:\/\/luhorta.com\/blog\/wp-content\/uploads\/2013\/09\/A-Errada-Cancao-capa.jpg 1400w\" sizes=\"auto, (max-width: 300px) 100vw, 300px\" \/><\/a><p id=\"caption-attachment-1309\" class=\"wp-caption-text\">A Errada Can\u00e7\u00e3o do Lugar Nenhum (2013)<\/p><\/div>\n<p>A Errada Can\u00e7\u00e3o do Lugar Nenhum (Lu Horta e Jean Boechat)<\/p>\n<p>Terceira faixa do \u00e1lbum \u201cA Noiva da Cidade\u201d. Mais uma parceria minha com o poeta Jean Boechat. De tudo aquilo que n\u00e3o tem lugar no mundo ou a maneira certa de falar sobre o que est\u00e1 errado.<\/p>\n<p>Com o apoio do site Musicoteca: <a href=\"http:\/\/www.amusicoteca.com.br\/?p=8631\">http:\/\/www.amusicoteca.com.br\/?p=8631<\/a><\/p>\n<p>Musica: Lu Horta e Jean Boechat<br \/>\nAlbum: A Noiva da Cidade<br \/>\nVideo: Marcelo Effori<\/p>\n<p>Lu Horta: voz, assobio e palmas<br \/>\nMarcelo Effori: bateria, pandeirola e palmas<br \/>\nZ\u00e9 Pi: guitarra, teclado e palmas<br \/>\nMeno Del Picchia: baixo, teclado, vocal e palmas<br \/>\nArranjo: coletivo<\/p>\n<p>Produzido por Lu Horta e Marcelo Effori<br \/>\nGravado no est\u00fadio Loco Sosa&#8217;s Noise Factory em setembro\/2013<br \/>\nEditado por Marcelo Effori<br \/>\nMixado e masterizado por Jesus Sanchez\u00a0\u00a0no est\u00fadio Sound Design &#8211; SP<\/p>\n<p>Agradecimentos:<br \/>\nMarcelo Effori, Z\u00e9 Pi, Meno Del Picchia, Jean Boechat, Clarab\u00f3ia,<br \/>\nRique Campello, Jesus Sanchez e Est\u00fadio Sound Design, Ina\u00ea Coutinho, Fernando Horta,<br \/>\nIris Horta Lemos, Binho Miranda, Cris Chehab, Web Mota, Musicoteca.<br \/>\n_________________________<br \/>\n&#8220;The wrong song of nowhere&#8221; it&#8217;s the third song of my album &#8220;The Bride of Town&#8221;. Another song written in collaboration with the poet Jean Boechat.<br \/>\nIt speaks of everything that does not have a place in the world or the right way to talk about what is wrong.<\/p>\n<p>Music by: Lu Horta e Jean Boechat<br \/>\nAlbum: A Noiva da Cidade<br \/>\nDirected by: Marcelo Effori<\/p>\n<p>Lu Horta: vox, clapping and whistle<br \/>\nZ\u00e9 Pi: guitars, keyboards and clapping<br \/>\nMeno Del Picchia: bass, keyboards, vox and clapping<br \/>\nMarcelo Effori: drums, tambourine and clapping<\/p>\n<p>Produced by Marcelo Effori e Lu Horta<br \/>\nRecorded at Loco Sosa&#8217;s Noise Factory &#8211; SP Brazil, september\/2013<br \/>\nEdited by Marcelo Effori<br \/>\nMixed by Jesus Sanchez\u00a0at Sound Design &#8211; SP Brazil, september\/2013<\/p>\n<p>Thanks to:<br \/>\nMarcelo Effori, Z\u00e9 Pi, Meno Del Picchia, Jean Boechat, Clarab\u00f3ia,<br \/>\nRique Campello, Jesus Sanchez e Est\u00fadio Sound Design, Ina\u00ea Coutinho, Fernando Horta,<br \/>\nIris Horta Lemos, Binho Miranda, Cris Chehab, Web Mota, Musicoteca.<\/p>\n<div class=\"powerpress_player\" id=\"powerpress_player_827\"><div style=\"width: 584px;\" class=\"wp-video\"><video class=\"wp-video-shortcode\" id=\"video-1306-1\" width=\"584\" height=\"329\" preload=\"none\" controls=\"controls\"><source type=\"video\/mp4\" src=\"http:\/\/luhorta.com\/Videos\/07-A_Errada_Cancao_do_Lugar_Nenhum.m4v?_=1\" \/><a href=\"http:\/\/luhorta.com\/Videos\/07-A_Errada_Cancao_do_Lugar_Nenhum.m4v\">http:\/\/luhorta.com\/Videos\/07-A_Errada_Cancao_do_Lugar_Nenhum.m4v<\/a><\/video><\/div><\/div><p class=\"powerpress_links powerpress_links_m4v\" style=\"margin-bottom: 1px !important;\">Podcast: <a href=\"http:\/\/luhorta.com\/Videos\/07-A_Errada_Cancao_do_Lugar_Nenhum.m4v\" class=\"powerpress_link_pinw\" target=\"_blank\" title=\"Play in new window\" onclick=\"return powerpress_pinw('https:\/\/luhorta.com\/blog\/?powerpress_pinw=1306-podcast');\" rel=\"nofollow\">Play in new window<\/a> | <a href=\"http:\/\/luhorta.com\/Videos\/07-A_Errada_Cancao_do_Lugar_Nenhum.m4v\" class=\"powerpress_link_d\" title=\"Download\" rel=\"nofollow\" download=\"07-A_Errada_Cancao_do_Lugar_Nenhum.m4v\">Download<\/a> (Duration: 2:55 &#8212; 200.0MB) | <a href=\"#\" class=\"powerpress_link_e\" title=\"Embed\" onclick=\"return powerpress_show_embed('1306-podcast');\" rel=\"nofollow\">Embed<\/a><\/p><p class=\"powerpress_embed_box\" id=\"powerpress_embed_1306-podcast\" style=\"display: none;\"><input id=\"powerpress_embed_1306-podcast_t\" type=\"text\" value=\"&lt;iframe width=&quot;400&quot; height=&quot;400&quot; src=&quot;https:\/\/luhorta.com\/blog\/?powerpress_embed=1306-podcast&amp;amp;powerpress_player=mediaelement-video&quot; title=&quot;Blubrry Podcast Player&quot; frameborder=&quot;0&quot; scrolling=&quot;no&quot; webkitAllowFullScreen mozallowfullscreen allowFullScreen&gt;&lt;\/iframe&gt;\" onclick=\"javascript: this.select();\" onfocus=\"javascript: this.select();\" style=\"width: 70%;\" readOnly><\/p><p class=\"powerpress_links powerpress_subscribe_links\">Subscribe: <a href=\"https:\/\/luhorta.com\/blog\/feed\/podcast\/\" class=\"powerpress_link_subscribe powerpress_link_subscribe_spotify\" target=\"_blank\" title=\"Subscribe on Spotify\" rel=\"nofollow\">Spotify<\/a> | <a href=\"https:\/\/luhorta.com\/blog\/feed\/podcast\/\" class=\"powerpress_link_subscribe powerpress_link_subscribe_rss\" target=\"_blank\" title=\"Subscribe via RSS\" rel=\"nofollow\">RSS<\/a><\/p>","protected":false},"excerpt":{"rendered":"<p>A Errada Can\u00e7\u00e3o do Lugar Nenhum (Lu Horta e Jean Boechat) Terceira faixa do \u00e1lbum \u201cA Noiva da Cidade\u201d. Mais uma parceria minha com o poeta Jean Boechat. De tudo aquilo que n\u00e3o tem lugar no mundo ou a maneira &hellip; <a href=\"https:\/\/luhorta.com\/blog\/2013\/09\/errada-cancao-lugar-nenhum\/\">Continue reading <span class=\"meta-nav\">&rarr;<\/span><\/a><\/p>\n","protected":false},"author":1,"featured_media":0,"comment_status":"open","ping_status":"open","sticky":false,"template":"","format":"standard","meta":{"footnotes":""},"categories":[22,20,11],"tags":[],"class_list":["post-1306","post","type-post","status-publish","format-standard","hentry","category-a-noiva-da-cidade","category-musicvideos","category-videos"],"yoast_head":"<!-- This site is optimized with the Yoast SEO plugin v27.5 - https:\/\/yoast.com\/product\/yoast-seo-wordpress\/ -->\n<title>A errada can\u00e7\u00e3o do lugar nenhum - Lu Horta<\/title>\n<meta name=\"description\" content=\"Lu Horta&#039;s Music Video - A Errada Can\u00e7\u00e3o do Lugar Nenhum\" \/>\n<meta name=\"robots\" content=\"index, follow, max-snippet:-1, max-image-preview:large, max-video-preview:-1\" \/>\n<link rel=\"canonical\" href=\"https:\/\/luhorta.com\/blog\/2013\/09\/errada-cancao-lugar-nenhum\/\" \/>\n<meta property=\"og:locale\" content=\"en_US\" \/>\n<meta property=\"og:type\" content=\"article\" \/>\n<meta property=\"og:title\" content=\"A errada can\u00e7\u00e3o do lugar nenhum - Lu Horta\" \/>\n<meta property=\"og:description\" content=\"Lu Horta&#039;s Music Video - A Errada Can\u00e7\u00e3o do Lugar Nenhum\" \/>\n<meta property=\"og:url\" content=\"https:\/\/luhorta.com\/blog\/2013\/09\/errada-cancao-lugar-nenhum\/\" \/>\n<meta property=\"og:site_name\" content=\"Lu Horta\" \/>\n<meta property=\"article:publisher\" content=\"http:\/\/www.facebook.com\/luhorta\" \/>\n<meta property=\"article:author\" content=\"http:\/\/www.facebook.com\/luhorta\" \/>\n<meta property=\"article:published_time\" content=\"2013-09-25T17:32:03+00:00\" \/>\n<meta property=\"article:modified_time\" content=\"2014-08-10T16:22:36+00:00\" \/>\n<meta property=\"og:image\" content=\"http:\/\/luhorta.com\/blog\/wp-content\/uploads\/2013\/09\/A-Errada-Cancao-capa-300x300.jpg\" \/>\n<meta name=\"author\" content=\"Lu Horta\" \/>\n<meta name=\"twitter:card\" content=\"summary_large_image\" \/>\n<meta name=\"twitter:creator\" content=\"@lu_horta_sings\" \/>\n<meta name=\"twitter:site\" content=\"@lu_horta_sings\" \/>\n<meta name=\"twitter:label1\" content=\"Written by\" \/>\n\t<meta name=\"twitter:data1\" content=\"Lu Horta\" \/>\n\t<meta name=\"twitter:label2\" content=\"Est. reading time\" \/>\n\t<meta name=\"twitter:data2\" content=\"2 minutes\" \/>\n<script type=\"application\/ld+json\" class=\"yoast-schema-graph\">{\"@context\":\"https:\\\/\\\/schema.org\",\"@graph\":[{\"@type\":\"Article\",\"@id\":\"https:\\\/\\\/luhorta.com\\\/blog\\\/2013\\\/09\\\/errada-cancao-lugar-nenhum\\\/#article\",\"isPartOf\":{\"@id\":\"https:\\\/\\\/luhorta.com\\\/blog\\\/2013\\\/09\\\/errada-cancao-lugar-nenhum\\\/\"},\"author\":{\"name\":\"Lu Horta\",\"@id\":\"https:\\\/\\\/luhorta.com\\\/blog\\\/#\\\/schema\\\/person\\\/3e58bdae6e5e07031a5acacc17923649\"},\"headline\":\"A errada can\u00e7\u00e3o do lugar nenhum\",\"datePublished\":\"2013-09-25T17:32:03+00:00\",\"dateModified\":\"2014-08-10T16:22:36+00:00\",\"mainEntityOfPage\":{\"@id\":\"https:\\\/\\\/luhorta.com\\\/blog\\\/2013\\\/09\\\/errada-cancao-lugar-nenhum\\\/\"},\"wordCount\":353,\"commentCount\":0,\"publisher\":{\"@id\":\"https:\\\/\\\/luhorta.com\\\/blog\\\/#\\\/schema\\\/person\\\/3e58bdae6e5e07031a5acacc17923649\"},\"image\":{\"@id\":\"https:\\\/\\\/luhorta.com\\\/blog\\\/2013\\\/09\\\/errada-cancao-lugar-nenhum\\\/#primaryimage\"},\"thumbnailUrl\":\"http:\\\/\\\/luhorta.com\\\/blog\\\/wp-content\\\/uploads\\\/2013\\\/09\\\/A-Errada-Cancao-capa-300x300.jpg\",\"articleSection\":[\"A Noiva da Cidade (2013)\",\"Lu Horta's Music Videos\",\"Videos\"],\"inLanguage\":\"en-US\",\"potentialAction\":[{\"@type\":\"CommentAction\",\"name\":\"Comment\",\"target\":[\"https:\\\/\\\/luhorta.com\\\/blog\\\/2013\\\/09\\\/errada-cancao-lugar-nenhum\\\/#respond\"]}]},{\"@type\":\"WebPage\",\"@id\":\"https:\\\/\\\/luhorta.com\\\/blog\\\/2013\\\/09\\\/errada-cancao-lugar-nenhum\\\/\",\"url\":\"https:\\\/\\\/luhorta.com\\\/blog\\\/2013\\\/09\\\/errada-cancao-lugar-nenhum\\\/\",\"name\":\"A errada can\u00e7\u00e3o do lugar nenhum - Lu Horta\",\"isPartOf\":{\"@id\":\"https:\\\/\\\/luhorta.com\\\/blog\\\/#website\"},\"primaryImageOfPage\":{\"@id\":\"https:\\\/\\\/luhorta.com\\\/blog\\\/2013\\\/09\\\/errada-cancao-lugar-nenhum\\\/#primaryimage\"},\"image\":{\"@id\":\"https:\\\/\\\/luhorta.com\\\/blog\\\/2013\\\/09\\\/errada-cancao-lugar-nenhum\\\/#primaryimage\"},\"thumbnailUrl\":\"http:\\\/\\\/luhorta.com\\\/blog\\\/wp-content\\\/uploads\\\/2013\\\/09\\\/A-Errada-Cancao-capa-300x300.jpg\",\"datePublished\":\"2013-09-25T17:32:03+00:00\",\"dateModified\":\"2014-08-10T16:22:36+00:00\",\"description\":\"Lu Horta's Music Video - A Errada Can\u00e7\u00e3o do Lugar Nenhum\",\"inLanguage\":\"en-US\",\"potentialAction\":[{\"@type\":\"ReadAction\",\"target\":[\"https:\\\/\\\/luhorta.com\\\/blog\\\/2013\\\/09\\\/errada-cancao-lugar-nenhum\\\/\"]}]},{\"@type\":\"ImageObject\",\"inLanguage\":\"en-US\",\"@id\":\"https:\\\/\\\/luhorta.com\\\/blog\\\/2013\\\/09\\\/errada-cancao-lugar-nenhum\\\/#primaryimage\",\"url\":\"http:\\\/\\\/luhorta.com\\\/blog\\\/wp-content\\\/uploads\\\/2013\\\/09\\\/A-Errada-Cancao-capa-300x300.jpg\",\"contentUrl\":\"http:\\\/\\\/luhorta.com\\\/blog\\\/wp-content\\\/uploads\\\/2013\\\/09\\\/A-Errada-Cancao-capa-300x300.jpg\"},{\"@type\":\"WebSite\",\"@id\":\"https:\\\/\\\/luhorta.com\\\/blog\\\/#website\",\"url\":\"https:\\\/\\\/luhorta.com\\\/blog\\\/\",\"name\":\"Lu Horta\",\"description\":\"Brazilian singer-songwriter, body percussionist, voice &amp; body-percussion teacher\",\"publisher\":{\"@id\":\"https:\\\/\\\/luhorta.com\\\/blog\\\/#\\\/schema\\\/person\\\/3e58bdae6e5e07031a5acacc17923649\"},\"potentialAction\":[{\"@type\":\"SearchAction\",\"target\":{\"@type\":\"EntryPoint\",\"urlTemplate\":\"https:\\\/\\\/luhorta.com\\\/blog\\\/?s={search_term_string}\"},\"query-input\":{\"@type\":\"PropertyValueSpecification\",\"valueRequired\":true,\"valueName\":\"search_term_string\"}}],\"inLanguage\":\"en-US\"},{\"@type\":[\"Person\",\"Organization\"],\"@id\":\"https:\\\/\\\/luhorta.com\\\/blog\\\/#\\\/schema\\\/person\\\/3e58bdae6e5e07031a5acacc17923649\",\"name\":\"Lu Horta\",\"image\":{\"@type\":\"ImageObject\",\"inLanguage\":\"en-US\",\"@id\":\"https:\\\/\\\/luhorta.com\\\/blog\\\/wp-content\\\/uploads\\\/2010\\\/06\\\/Lu-Horta-150x150.jpg\",\"url\":\"https:\\\/\\\/luhorta.com\\\/blog\\\/wp-content\\\/uploads\\\/2010\\\/06\\\/Lu-Horta-150x150.jpg\",\"contentUrl\":\"https:\\\/\\\/luhorta.com\\\/blog\\\/wp-content\\\/uploads\\\/2010\\\/06\\\/Lu-Horta-150x150.jpg\",\"caption\":\"Lu Horta\"},\"logo\":{\"@id\":\"https:\\\/\\\/luhorta.com\\\/blog\\\/wp-content\\\/uploads\\\/2010\\\/06\\\/Lu-Horta-150x150.jpg\"},\"description\":\"Brazilian singer\\\/songwriter. Acoustic guitar, gentle voice and body percussion combined with electronic creations invite us to a mix of Brazilian pop groove Bossa and poetry.\",\"sameAs\":[\"http:\\\/\\\/www.luhorta.com\",\"http:\\\/\\\/www.facebook.com\\\/luhorta\",\"http:\\\/\\\/instagram\\\/luhorta\",\"https:\\\/\\\/www.linkedin.com\\\/in\\\/luhorta?lipi=urnlipaged_flagship3_profile_view_base_contact_detailsaErq8BJSxy1xNp6cgWw\",\"https:\\\/\\\/x.com\\\/lu_horta_sings\",\"https:\\\/\\\/www.youtube.com\\\/@luhorta\"]}]}<\/script>\n<!-- \/ Yoast SEO plugin. -->","yoast_head_json":{"title":"A errada can\u00e7\u00e3o do lugar nenhum - Lu Horta","description":"Lu Horta's Music Video - A Errada Can\u00e7\u00e3o do Lugar Nenhum","robots":{"index":"index","follow":"follow","max-snippet":"max-snippet:-1","max-image-preview":"max-image-preview:large","max-video-preview":"max-video-preview:-1"},"canonical":"https:\/\/luhorta.com\/blog\/2013\/09\/errada-cancao-lugar-nenhum\/","og_locale":"en_US","og_type":"article","og_title":"A errada can\u00e7\u00e3o do lugar nenhum - Lu Horta","og_description":"Lu Horta's Music Video - A Errada Can\u00e7\u00e3o do Lugar Nenhum","og_url":"https:\/\/luhorta.com\/blog\/2013\/09\/errada-cancao-lugar-nenhum\/","og_site_name":"Lu Horta","article_publisher":"http:\/\/www.facebook.com\/luhorta","article_author":"http:\/\/www.facebook.com\/luhorta","article_published_time":"2013-09-25T17:32:03+00:00","article_modified_time":"2014-08-10T16:22:36+00:00","og_image":[{"url":"http:\/\/luhorta.com\/blog\/wp-content\/uploads\/2013\/09\/A-Errada-Cancao-capa-300x300.jpg","type":"","width":"","height":""}],"author":"Lu Horta","twitter_card":"summary_large_image","twitter_creator":"@lu_horta_sings","twitter_site":"@lu_horta_sings","twitter_misc":{"Written by":"Lu Horta","Est. reading time":"2 minutes"},"schema":{"@context":"https:\/\/schema.org","@graph":[{"@type":"Article","@id":"https:\/\/luhorta.com\/blog\/2013\/09\/errada-cancao-lugar-nenhum\/#article","isPartOf":{"@id":"https:\/\/luhorta.com\/blog\/2013\/09\/errada-cancao-lugar-nenhum\/"},"author":{"name":"Lu Horta","@id":"https:\/\/luhorta.com\/blog\/#\/schema\/person\/3e58bdae6e5e07031a5acacc17923649"},"headline":"A errada can\u00e7\u00e3o do lugar nenhum","datePublished":"2013-09-25T17:32:03+00:00","dateModified":"2014-08-10T16:22:36+00:00","mainEntityOfPage":{"@id":"https:\/\/luhorta.com\/blog\/2013\/09\/errada-cancao-lugar-nenhum\/"},"wordCount":353,"commentCount":0,"publisher":{"@id":"https:\/\/luhorta.com\/blog\/#\/schema\/person\/3e58bdae6e5e07031a5acacc17923649"},"image":{"@id":"https:\/\/luhorta.com\/blog\/2013\/09\/errada-cancao-lugar-nenhum\/#primaryimage"},"thumbnailUrl":"http:\/\/luhorta.com\/blog\/wp-content\/uploads\/2013\/09\/A-Errada-Cancao-capa-300x300.jpg","articleSection":["A Noiva da Cidade (2013)","Lu Horta's Music Videos","Videos"],"inLanguage":"en-US","potentialAction":[{"@type":"CommentAction","name":"Comment","target":["https:\/\/luhorta.com\/blog\/2013\/09\/errada-cancao-lugar-nenhum\/#respond"]}]},{"@type":"WebPage","@id":"https:\/\/luhorta.com\/blog\/2013\/09\/errada-cancao-lugar-nenhum\/","url":"https:\/\/luhorta.com\/blog\/2013\/09\/errada-cancao-lugar-nenhum\/","name":"A errada can\u00e7\u00e3o do lugar nenhum - Lu Horta","isPartOf":{"@id":"https:\/\/luhorta.com\/blog\/#website"},"primaryImageOfPage":{"@id":"https:\/\/luhorta.com\/blog\/2013\/09\/errada-cancao-lugar-nenhum\/#primaryimage"},"image":{"@id":"https:\/\/luhorta.com\/blog\/2013\/09\/errada-cancao-lugar-nenhum\/#primaryimage"},"thumbnailUrl":"http:\/\/luhorta.com\/blog\/wp-content\/uploads\/2013\/09\/A-Errada-Cancao-capa-300x300.jpg","datePublished":"2013-09-25T17:32:03+00:00","dateModified":"2014-08-10T16:22:36+00:00","description":"Lu Horta's Music Video - A Errada Can\u00e7\u00e3o do Lugar Nenhum","inLanguage":"en-US","potentialAction":[{"@type":"ReadAction","target":["https:\/\/luhorta.com\/blog\/2013\/09\/errada-cancao-lugar-nenhum\/"]}]},{"@type":"ImageObject","inLanguage":"en-US","@id":"https:\/\/luhorta.com\/blog\/2013\/09\/errada-cancao-lugar-nenhum\/#primaryimage","url":"http:\/\/luhorta.com\/blog\/wp-content\/uploads\/2013\/09\/A-Errada-Cancao-capa-300x300.jpg","contentUrl":"http:\/\/luhorta.com\/blog\/wp-content\/uploads\/2013\/09\/A-Errada-Cancao-capa-300x300.jpg"},{"@type":"WebSite","@id":"https:\/\/luhorta.com\/blog\/#website","url":"https:\/\/luhorta.com\/blog\/","name":"Lu Horta","description":"Brazilian singer-songwriter, body percussionist, voice &amp; body-percussion teacher","publisher":{"@id":"https:\/\/luhorta.com\/blog\/#\/schema\/person\/3e58bdae6e5e07031a5acacc17923649"},"potentialAction":[{"@type":"SearchAction","target":{"@type":"EntryPoint","urlTemplate":"https:\/\/luhorta.com\/blog\/?s={search_term_string}"},"query-input":{"@type":"PropertyValueSpecification","valueRequired":true,"valueName":"search_term_string"}}],"inLanguage":"en-US"},{"@type":["Person","Organization"],"@id":"https:\/\/luhorta.com\/blog\/#\/schema\/person\/3e58bdae6e5e07031a5acacc17923649","name":"Lu Horta","image":{"@type":"ImageObject","inLanguage":"en-US","@id":"https:\/\/luhorta.com\/blog\/wp-content\/uploads\/2010\/06\/Lu-Horta-150x150.jpg","url":"https:\/\/luhorta.com\/blog\/wp-content\/uploads\/2010\/06\/Lu-Horta-150x150.jpg","contentUrl":"https:\/\/luhorta.com\/blog\/wp-content\/uploads\/2010\/06\/Lu-Horta-150x150.jpg","caption":"Lu Horta"},"logo":{"@id":"https:\/\/luhorta.com\/blog\/wp-content\/uploads\/2010\/06\/Lu-Horta-150x150.jpg"},"description":"Brazilian singer\/songwriter. Acoustic guitar, gentle voice and body percussion combined with electronic creations invite us to a mix of Brazilian pop groove Bossa and poetry.","sameAs":["http:\/\/www.luhorta.com","http:\/\/www.facebook.com\/luhorta","http:\/\/instagram\/luhorta","https:\/\/www.linkedin.com\/in\/luhorta?lipi=urnlipaged_flagship3_profile_view_base_contact_detailsaErq8BJSxy1xNp6cgWw","https:\/\/x.com\/lu_horta_sings","https:\/\/www.youtube.com\/@luhorta"]}]}},"_links":{"self":[{"href":"https:\/\/luhorta.com\/blog\/wp-json\/wp\/v2\/posts\/1306","targetHints":{"allow":["GET"]}}],"collection":[{"href":"https:\/\/luhorta.com\/blog\/wp-json\/wp\/v2\/posts"}],"about":[{"href":"https:\/\/luhorta.com\/blog\/wp-json\/wp\/v2\/types\/post"}],"author":[{"embeddable":true,"href":"https:\/\/luhorta.com\/blog\/wp-json\/wp\/v2\/users\/1"}],"replies":[{"embeddable":true,"href":"https:\/\/luhorta.com\/blog\/wp-json\/wp\/v2\/comments?post=1306"}],"version-history":[{"count":8,"href":"https:\/\/luhorta.com\/blog\/wp-json\/wp\/v2\/posts\/1306\/revisions"}],"predecessor-version":[{"id":1368,"href":"https:\/\/luhorta.com\/blog\/wp-json\/wp\/v2\/posts\/1306\/revisions\/1368"}],"wp:attachment":[{"href":"https:\/\/luhorta.com\/blog\/wp-json\/wp\/v2\/media?parent=1306"}],"wp:term":[{"taxonomy":"category","embeddable":true,"href":"https:\/\/luhorta.com\/blog\/wp-json\/wp\/v2\/categories?post=1306"},{"taxonomy":"post_tag","embeddable":true,"href":"https:\/\/luhorta.com\/blog\/wp-json\/wp\/v2\/tags?post=1306"}],"curies":[{"name":"wp","href":"https:\/\/api.w.org\/{rel}","templated":true}]}}